{"id":9718,"date":"2026-04-30T10:53:39","date_gmt":"2026-04-30T13:53:39","guid":{"rendered":"https:\/\/www.60maisturismo.com.br\/v1\/?p=9718"},"modified":"2026-04-30T10:53:39","modified_gmt":"2026-04-30T13:53:39","slug":"andradas-cafe-festival-comemora-4a-edicao","status":"publish","type":"post","link":"https:\/\/www.60maisturismo.com.br\/v1\/2026\/04\/30\/andradas-cafe-festival-comemora-4a-edicao\/","title":{"rendered":"Andradas Caf\u00e9 Festival comemora 4\u00aa edi\u00e7\u00e3o"},"content":{"rendered":"<p>De 1\u00ba a 3 de maio de 2026, <strong>Andradas<\/strong> recebe a quarta edi\u00e7\u00e3o do seu festival de abrang\u00eancia nacional de caf\u00e9s especiais. O evento j\u00e1 consolidado na cidade mineira \u00e9 esperado pelo p\u00fablico, unindo conhecimento, workshops, competi\u00e7\u00f5es e gastronomia.<\/p>\n<p>Esse ano o evento receber\u00e1 uma novidade: a etapa regional mineira do Campeonato Brasileiro de Aeropress &#8211;\u00a0Etapa Andradas MG &#8211; Regi\u00e3o Vulc\u00e2nica, um m\u00e9todo de preparo lan\u00e7ado em 2005, que busca extrair um caf\u00e9 intenso e com textura de um coado, mas de forma eficiente e pr\u00e1tica para levar para qualquer lugar. A Aeropress utiliza press\u00e3o de ar para extrair o caf\u00e9, resultando numa bebida mais encorpada e saborosa.\u00a0O campeonato \u00e9 organizado pela equipe Caf\u00e9 Logo Existo, de &#8211; Mariana Proen\u00e7a &#8211; jornalista e especialista em caf\u00e9.<\/p>\n<p>O formato do Campeonato Brasileiro de Aeropress\u00a0\u00e9 simples: a cada rodada, tr\u00eas concorrentes t\u00eam cinco minutos para preparar, extrair e servir caf\u00e9s usando o m\u00e9todo aeropress. Um grupo de ju\u00edzes ent\u00e3o toma \u00e0s cegas todos os caf\u00e9s, antes de apontar para a sua bebida favorita da rodada. O campe\u00e3o j\u00e1 garante uma vaga para a grande final que reunir\u00e1 competidores de todo o Brasil em local a ser relevado. Inscri\u00e7\u00f5es <a href=\"https:\/\/click.knewin360.com\/Click\/click\/eyJhbGciOiJIUzI1NiIsInR5cCI6IkpXVCJ9.eyJjYW1wYWlnbklkIjoiOWZiOGYwYmYtOTU5OS00YjAzLTdhM2ItMDhkZTllZTczMTMyIiwicGVyc29uSWQiOiI1ODNiYWNmNi00Y2YzLTRhNTItYTY3NS0zYTU5Y2Y0MGE3YmQiLCJlbWFpbCI6ImNvbHVuYWRldHVyaXNtb0BnbWFpbC5jb20iLCJ1cmwiOiJodHRwczovL3d3dy5zeW1wbGEuY29tLmJyL2V2ZW50by9jYW1wZW9uYXRvLWJyYXNpbGVpcm8tZGUtYWVyb3ByZXNzLTIwMjYtLS1ldGFwYS1hbmRyYWRhcy1tZy0tLWluc2NyaUNPZXMtY29tcGV0aWRvcmVzLWNvcGlhLzMzOTYwNTgiLCJpc1NlZ21lbnRhdGlvbiI6IlRydWUiLCJuYmYiOjE3Nzc1NDc3NTUsImV4cCI6MTc4MDEzOTc1NSwiaWF0IjoxNzc3NTQ3NzU1fQ.ztmbmzJxYJSOHYsrnFqmG1l-2Dt8iGNoecJINwZBLlk\" target=\"_blank\" rel=\"noopener noreferrer\" data-saferedirecturl=\"https:\/\/www.google.com\/url?q=https:\/\/click.knewin360.com\/Click\/click\/eyJhbGciOiJIUzI1NiIsInR5cCI6IkpXVCJ9.eyJjYW1wYWlnbklkIjoiOWZiOGYwYmYtOTU5OS00YjAzLTdhM2ItMDhkZTllZTczMTMyIiwicGVyc29uSWQiOiI1ODNiYWNmNi00Y2YzLTRhNTItYTY3NS0zYTU5Y2Y0MGE3YmQiLCJlbWFpbCI6ImNvbHVuYWRldHVyaXNtb0BnbWFpbC5jb20iLCJ1cmwiOiJodHRwczovL3d3dy5zeW1wbGEuY29tLmJyL2V2ZW50by9jYW1wZW9uYXRvLWJyYXNpbGVpcm8tZGUtYWVyb3ByZXNzLTIwMjYtLS1ldGFwYS1hbmRyYWRhcy1tZy0tLWluc2NyaUNPZXMtY29tcGV0aWRvcmVzLWNvcGlhLzMzOTYwNTgiLCJpc1NlZ21lbnRhdGlvbiI6IlRydWUiLCJuYmYiOjE3Nzc1NDc3NTUsImV4cCI6MTc4MDEzOTc1NSwiaWF0IjoxNzc3NTQ3NzU1fQ.ztmbmzJxYJSOHYsrnFqmG1l-2Dt8iGNoecJINwZBLlk&amp;source=gmail&amp;ust=1777643074703000&amp;usg=AOvVaw1RqA7BGJgCaWaiSWp7XpSM\">aqui<\/a>.<\/p>\n<p>O evento contar\u00e1 com o j\u00e1 tradicional Campeonato Regional de Torra by Atilla em que os mestres de torra ser\u00e3o desafiados a torrar com perfei\u00e7\u00e3o o caf\u00e9 especial disponibilizado pela organiza\u00e7\u00e3o, de forma a extrair o m\u00e1ximo do potencial qualitativo da bebida.<\/p>\n<p>Haver\u00e1, ainda, a segunda edi\u00e7\u00e3o do desafio de Cup Tasters, coordenado pelo Campe\u00e3o Brasileiro de Cup Tasters &#8211; 2023 &#8211; Bruno Megda, o objetivo \u00e9 que os provadores descubram qual \u00e9 a x\u00edcara de caf\u00e9 diferente apresentada em cada rodada.<\/p>\n<p>A abertura oficial do festival ser\u00e1 \u00e0s 19h, no dia 30 de abril, para convidados. A programa\u00e7\u00e3o de 01 a 03 de maio inicia \u00e0s 9 horas e envolve palestras, workshops, rodadas de neg\u00f3cio com palestrantes convidados de todo o Brasil e o p\u00fablico ter\u00e1, ainda, a oportunidade de conhecer produ\u00e7\u00f5es de caf\u00e9 na regi\u00e3o, com a Rota Tur\u00edstica de Andradas, durante o dia todo. A expectativa \u00e9 receber os turistas da regi\u00e3o, coffee lovers e profissionais do mercado.<\/p>\n<p>\u201cO Andradas Caf\u00e9 Festival j\u00e1 se consolidou como um importante evento do calend\u00e1rio tur\u00edstico e cultural do munic\u00edpio e re\u00fane o que nossa regi\u00e3o oferece de melhor: caf\u00e9s especiais, gastronomia, vinhos e experi\u00eancias ligadas ao turismo. Nesta edi\u00e7\u00e3o, o festival tamb\u00e9m celebra o reconhecimento de Andradas como Cidade Gastron\u00f4mica na primeira edi\u00e7\u00e3o desta categoria do Pr\u00eamio Cumbucca de Gastronomia, entregue em novembro de 2025, em Belo Horizonte. A premia\u00e7\u00e3o valoriza a cultura local, os vinhos, os caf\u00e9s e o terroir vulc\u00e2nico da regi\u00e3o, al\u00e9m de refor\u00e7ar a posi\u00e7\u00e3o do munic\u00edpio como destino de destaque no turismo brasileiro. Os campeonatos servem como uma forma de incentivar e apoiar os competidores a se desenvolverem nas competi\u00e7\u00f5es e principalmente, se divertirem\u201d, destaca a prefeita Margot Navarro Graziani Pioli.<\/p>\n<p><strong>Espa\u00e7o Cafeteria\u00a0<\/strong><\/p>\n<p>01\/Mai &#8211; 13:00 &#8211; Workshop Vaporiza\u00e7\u00e3o De Leite (Latte Art) &#8211; Danilo Souza Mariano De Siqueira<\/p>\n<p>01\/Mai &#8211; 16:00 &#8211; Harmoniza\u00e7\u00e3o Caf\u00e9 E Queijo &#8211; Sandro Dias De Souza<\/p>\n<p>02\/Mai &#8211; 11:00 &#8211; Workshop Sensorial &#8211; O Reflexo Dos Concursos De Qualidade Para A Evolu\u00e7\u00e3o Na Qualidade Das Regi\u00f5es &#8211; Everton Talles<\/p>\n<p>02\/Mai &#8211; 17:00 &#8211; Workshop Andradas Em Ta\u00e7a: Do Vinho De Mesa Ao Vinho Fino &#8211; Tradi\u00e7\u00e3o, Ci\u00eancia E Turismo &#8211; Natanael Maicon Fernandes<\/p>\n<p>03\/Mai &#8211; 09:00 &#8211; Workshop M\u00e9todos De Extra\u00e7\u00e3o &#8211; Pri Gusm\u00e3o<\/p>\n<p>16:00 &#8211; Campeonato Tnt Latte Art Crazy &#8211; Reduto Cafeteria<\/p>\n<p><strong>Espa\u00e7o De Competi\u00e7\u00e3o<\/strong><\/p>\n<p>01\/Mai &#8211; 09:30 &#8211; In\u00edcio Campeonato De Torra &#8211; Leandro Carlos Paiva<\/p>\n<p>01\/Mai &#8211; 09:30 0 Inicio Cup Tasters &#8211; Bruno Megda<\/p>\n<p>01\/Mai &#8211; 14:00 &#8211; Sorteio Chaves Desafio Aeropress &#8211; Equipe Mariana Proen\u00e7a<\/p>\n<p>02\/Mai &#8211; 09:00 &#8211; Segundo Dia Campeonato De Torra &#8211; Leandro Carlos Paiva<\/p>\n<p>02\/Mai &#8211; 09:00 &#8211; In\u00edcio Da Etapa Regional De Aeropress &#8211; Equipe Mariana Proen\u00e7a<\/p>\n<p><strong>Espa\u00e7o Do Produtor \u2013 Faemg\/Senar<\/strong><\/p>\n<p>01\/Mai &#8211; 10:30 &#8211; Workshop Blends De Caf\u00e9 &#8211; Larissa Emanoela Rinco<\/p>\n<p>01\/Mai &#8211; 13:00 &#8211; Boas Pr\u00e1ticas Na Contrata\u00e7\u00e3o De M\u00e3o De Obra Rural &#8211; Jarbas Fagundes<\/p>\n<p>01\/Mai &#8211; 14:00\u00a0&#8211; Manejo Integrado De Pragas E Doen\u00e7as &#8211; Dalila Carvalho Rezende \/ Leda Gon\u00e7alves Siqueira<\/p>\n<p>01\/Mai &#8211; 16:00 &#8211; Caf\u00e9 Natural Microlotes De Alt\u00edssima Qualidade &#8211; Andr\u00e9 Luiz Cornelio<\/p>\n<p>01\/Mai &#8211; 17:00 &#8211; Cafeicultura Regenerativa &#8211; Daniel Penha Silva<\/p>\n<p>02\/Mai &#8211; 09:30 &#8211; Turismo Rural &#8211; Campo M\u00edstico<\/p>\n<p>02\/Mai\u00a0&#8211; 11:30 &#8211; Marketplace E Vendas Caf\u00e9s &#8211; Filipe Figueiredo<\/p>\n<p>02\/Mai &#8211; 10:30 &#8211; Aplica\u00e7\u00e3o Do Protocolo CVA Na Gest\u00e3o De Caf\u00e9s Especiais &#8211; Bruna Silva<\/p>\n<p>02\/Mai &#8211; 12:30 &#8211; Harmoniza\u00e7\u00e3o De Queijos E Mel &#8211; Giancarlo Ferreira<\/p>\n<p>02\/Mai &#8211; 15:30\u00a0&#8211; Harmoniza\u00e7\u00e3o De Queijos E Caf\u00e9s Especiais -Giancarlo Ferreira<\/p>\n<p>03\/Mai &#8211; 09:30 &#8211; Workshop De Torra Kaleido &#8211; Daphne Villarreal<\/p>\n<p>03\/Mai &#8211; 10:30 &#8211; Azeites Da Regi\u00e3o Vulc\u00e2nica &#8211; Paula Trevisan<\/p>\n<p>03\/Mai &#8211; 15:00 &#8211; Experi\u00eancia Sensorial\u00a0&#8211; Andrea Menocci<\/p>\n<p><strong>Espa\u00e7o Sebrae\u00a0<\/strong><\/p>\n<p>01\/Mai &#8211; 09:30 &#8211; In\u00edcio Desafio Jovem Interescolar &#8211; Andrea Menocci<\/p>\n<p>01\/Mai &#8211; 13:00 &#8211; Agenda De Relacionamento Sebrae<\/p>\n<p>02\/Mai &#8211; 09:00 &#8211; Abertura Semin\u00e1rio Da Regi\u00e3o Vulc\u00e2nica &#8211; Marco Sanches<\/p>\n<p>02\/Mai &#8211; 09:00 &#8211; Palestra: Agriturismo E A Regi\u00e3o Vulc\u00e2nica<\/p>\n<p>02\/Mai &#8211; 10:00 &#8211; Encontro Associa\u00e7\u00f5es E Lideran\u00e7as Da Regi\u00e3o Vulc\u00e2nica &#8211; Ulisses Ferreira<\/p>\n<p>02\/Mai &#8211; 11:00 &#8211; Encontro De Mulheres\u00a0&#8211; Essencia De Mulher -Marcia Carlin, Maricelma Sabbag (IWCA) E Professora Agda Prado E Silvana Novais &#8211; Aline Carvalho Mediadora<\/p>\n<p>02\/Mai &#8211; 14:00 &#8211; Gest\u00e3o De Cafeterias &#8211; Sebastian Grau<\/p>\n<p>02\/Mai &#8211; 13:00 &#8211; Adequa\u00e7\u00e3o De Torrefa\u00e7\u00f5es A Portaria Do Mapa &#8211; Andre Mapa<\/p>\n<p>02\/Mai &#8211; 15:00 &#8211; Turismo E Caf\u00e9 &#8211; A Hist\u00f3ria De Um Barista &#8211; Gabriel Guimar\u00e3es<\/p>\n<p>02\/Mai &#8211; 16:0 &#8211; Negocia\u00e7\u00e3o De Caf\u00e9 Na Era Da Intelig\u00eancia Artificial: Mais Velocidade, Seguran\u00e7a E Lucro Para Toda A Cadeia\u201d &#8211; Paulo Teixeira Giordani<\/p>\n<p>02\/Mai &#8211; 17:00 &#8211; Encontro Ali Rural &#8211; D\u00e1filla Yara<\/p>\n<p>03\/Mai &#8211; 10:00 &#8211; Barista Profissional &#8211; Osnei Cesarino<\/p>\n<p>03\/Mai &#8211; 15:00 &#8211; O Barista Que Virou Produtor &#8211; Diego Felipe Claro Tegon<\/p>\n<p><strong>Palco Principal\u00a0<\/strong><\/p>\n<p>30\/Abr &#8211; 19:00 &#8211; Caf\u00e9, Turismo E Gastronomia &#8211; Mateus Ramalho<\/p>\n<p>01\/Mai &#8211; 17:00 &#8211; Final Do Desafio Jovem Interescolar &#8211; Andrea Menocci<\/p>\n<p>01\/Mai &#8211; 18:00 &#8211; An\u00fancio Vencedores Cup Tasters &#8211; Bruno Megda<\/p>\n<p>01\/Mai &#8211; 19:00 \u00c0s 21:00 &#8211; Atra\u00e7\u00f5es Culturais E Gastronomia &#8211; Apresenta\u00e7\u00e3o Anderson Martins<\/p>\n<p>02\/Mai &#8211; 10:00 &#8211; Aula Show Doce No Tacho Doce Duas Irm\u00e3s<\/p>\n<p>02\/Mai &#8211; 18:00 &#8211; Aula Show De Gastronomia &#8211; Fagner Rodrigues<\/p>\n<p>03\/Mai &#8211; 11:00 &#8211; Final Etapa Regional Aeropress &#8211; Caf\u00e9 Logo Existo<\/p>\n<p>03\/Mai &#8211; 12:00 &#8211; An\u00fancio Vencedores Campeonato De Torra &#8211; Leandro Carlos Paiva<\/p>\n<p>03\/Mai &#8211; 14:00 &#8211; Aula Show &#8211; Doce Da Ro\u00e7a &#8211; Glaucio Peron<\/p>\n<p>03\/Mai &#8211; 15:00 &#8211; Apresenta\u00e7\u00e3o Institucional Dos Pr\u00eamios Cumbuca E Prefeitura Empreendedora<\/p>\n<p>03\/Mai &#8211; 16:00 &#8211; Coffee Party &#8211; Fazendo Caf\u00e9 Com Os Amigos<\/p>\n<p>Atra\u00e7\u00f5es Pela Cidade<\/p>\n<p>30\/Abr &#8211; 08:00 &#8211; Rotas Tur\u00edsticas Em Andradas &#8211; Atrativos Tur\u00edsticos De Andradas<\/p>\n<p>02\/Mai &#8211; 9:00 \u00e0s 11:00 &#8211; Imers\u00e3o Sensorial &#8211; Caf\u00e9s Premiados De Andradas &#8211; Mariana Nakagawa &#8211; Vulc\u00e2nica Coffe<\/p>\n<p>2-Mai &#8211; 14:00 \u00e0s 16:00 &#8211; Oficina De Criatividade Na Elabora\u00e7\u00e3o De Pratos &#8211; Fagner Rodrigues &#8211; Figo Cucina<\/p>\n<p>02\/Mai &#8211; 14:00 \u00e0s 17:00 &#8211; Experi\u00eancia Sensorial Caf\u00e9 &amp; Vinho Brasileiro &#8211; Guilherme Amado &#8211; Vin\u00edcola Stela Valentino<\/p>\n<p><strong>Servi\u00e7o<\/strong><\/p>\n<p><em>Andradas Caf\u00e9 Festival 2026<\/em><\/p>\n<p>Quando: de 1\u00ba a 3 de maio<\/p>\n<p>Andradas, Minas Gerais<\/p>\n<p>Hor\u00e1rio: das 9h \u00e0s 18h (exposi\u00e7\u00e3o) e 18h \u00e0s 21h (gastronomia e apresenta\u00e7\u00f5es culturais)<\/p>\n<p>Onde: Pavilh\u00e3o do Vinho (Rua Major Bonif\u00e1cio, s\/n, Centro, Andradas, MG)<\/p>\n<p>Entrada gratuita<\/p>\n<p>Inscri\u00e7\u00f5es gratuitas\u00a0no xxx<\/p>\n<p>Consulte a programa\u00e7\u00e3o detalhada em: @andradascafefestival<\/p>\n<p>&nbsp;<\/p>\n","protected":false},"excerpt":{"rendered":"<p>De 1\u00ba a 3 de maio de 2026, Andradas recebe a quarta edi\u00e7\u00e3o do seu festival de abrang\u00eancia nacional de caf\u00e9s especiais. O evento j\u00e1 consolidado na cidade mineira \u00e9 esperado pelo p\u00fablico, unindo conhecimento, workshops, competi\u00e7\u00f5es e gastronomia. Esse ano o evento receber\u00e1 uma novidade: a etapa regional mineira do Campeonato Brasileiro de Aeropress &hellip;<\/p>\n","protected":false},"author":3,"featured_media":9719,"comment_status":"closed","ping_status":"closed","sticky":false,"template":"","format":"standard","meta":{"_links_to":"","_links_to_target":""},"categories":[54],"tags":[1691,613,129,310],"yoast_head":"<!-- This site is optimized with the Yoast SEO plugin v20.8 - https:\/\/yoast.com\/wordpress\/plugins\/seo\/ -->\n<title>Andradas Caf\u00e9 Festival comemora 4\u00aa edi\u00e7\u00e3o - 60+ TURISMO \/\/<\/title>\n<meta name=\"description\" content=\"A quarta edi\u00e7\u00e3o do Andradas Caf\u00e9 Festival re\u00fane produtores baristas, provadores, mestres de torra e amantes da bebida\" \/>\n<meta name=\"robots\" content=\"index, follow, max-snippet:-1, max-image-preview:large, max-video-preview:-1\" \/>\n<link rel=\"canonical\" href=\"https:\/\/www.60maisturismo.com.br\/v1\/2026\/04\/30\/andradas-cafe-festival-comemora-4a-edicao\/\" \/>\n<meta property=\"og:locale\" content=\"pt_BR\" \/>\n<meta property=\"og:type\" content=\"article\" \/>\n<meta property=\"og:title\" content=\"Andradas Caf\u00e9 Festival comemora 4\u00aa edi\u00e7\u00e3o - 60+ TURISMO \/\/\" \/>\n<meta property=\"og:description\" content=\"A quarta edi\u00e7\u00e3o do Andradas Caf\u00e9 Festival re\u00fane produtores baristas, provadores, mestres de torra e amantes da bebida\" \/>\n<meta property=\"og:url\" content=\"https:\/\/www.60maisturismo.com.br\/v1\/2026\/04\/30\/andradas-cafe-festival-comemora-4a-edicao\/\" \/>\n<meta property=\"og:site_name\" content=\"60+ TURISMO \/\/\" \/>\n<meta property=\"article:published_time\" content=\"2026-04-30T13:53:39+00:00\" \/>\n<meta property=\"og:image\" content=\"https:\/\/www.60maisturismo.com.br\/v1\/wp-content\/uploads\/2026\/04\/unnamed-3-1.jpg\" \/>\n\t<meta property=\"og:image:width\" content=\"770\" \/>\n\t<meta property=\"og:image:height\" content=\"513\" \/>\n\t<meta property=\"og:image:type\" content=\"image\/jpeg\" \/>\n<meta name=\"author\" content=\"Reda\u00e7\u00e3o\" \/>\n<meta name=\"twitter:card\" content=\"summary_large_image\" \/>\n<meta name=\"twitter:label1\" content=\"Escrito por\" \/>\n\t<meta name=\"twitter:data1\" content=\"Reda\u00e7\u00e3o\" \/>\n\t<meta name=\"twitter:label2\" content=\"Est. tempo de leitura\" \/>\n\t<meta name=\"twitter:data2\" content=\"7 minutos\" \/>\n<script type=\"application\/ld+json\" class=\"yoast-schema-graph\">{\"@context\":\"https:\/\/schema.org\",\"@graph\":[{\"@type\":\"WebPage\",\"@id\":\"https:\/\/www.60maisturismo.com.br\/v1\/2026\/04\/30\/andradas-cafe-festival-comemora-4a-edicao\/\",\"url\":\"https:\/\/www.60maisturismo.com.br\/v1\/2026\/04\/30\/andradas-cafe-festival-comemora-4a-edicao\/\",\"name\":\"Andradas Caf\u00e9 Festival comemora 4\u00aa edi\u00e7\u00e3o - 60+ TURISMO \/\/\",\"isPartOf\":{\"@id\":\"https:\/\/www.60maisturismo.com.br\/v1\/#website\"},\"datePublished\":\"2026-04-30T13:53:39+00:00\",\"dateModified\":\"2026-04-30T13:53:39+00:00\",\"author\":{\"@id\":\"https:\/\/www.60maisturismo.com.br\/v1\/#\/schema\/person\/bef96f08865f4227f234c5a355238415\"},\"description\":\"A quarta edi\u00e7\u00e3o do Andradas Caf\u00e9 Festival re\u00fane produtores baristas, provadores, mestres de torra e amantes da bebida\",\"breadcrumb\":{\"@id\":\"https:\/\/www.60maisturismo.com.br\/v1\/2026\/04\/30\/andradas-cafe-festival-comemora-4a-edicao\/#breadcrumb\"},\"inLanguage\":\"pt-BR\",\"potentialAction\":[{\"@type\":\"ReadAction\",\"target\":[\"https:\/\/www.60maisturismo.com.br\/v1\/2026\/04\/30\/andradas-cafe-festival-comemora-4a-edicao\/\"]}]},{\"@type\":\"BreadcrumbList\",\"@id\":\"https:\/\/www.60maisturismo.com.br\/v1\/2026\/04\/30\/andradas-cafe-festival-comemora-4a-edicao\/#breadcrumb\",\"itemListElement\":[{\"@type\":\"ListItem\",\"position\":1,\"name\":\"Home\",\"item\":\"https:\/\/www.60maisturismo.com.br\/v1\/\"},{\"@type\":\"ListItem\",\"position\":2,\"name\":\"Andradas Caf\u00e9 Festival comemora 4\u00aa edi\u00e7\u00e3o\"}]},{\"@type\":\"WebSite\",\"@id\":\"https:\/\/www.60maisturismo.com.br\/v1\/#website\",\"url\":\"https:\/\/www.60maisturismo.com.br\/v1\/\",\"name\":\"60+ TURISMO \/\/\",\"description\":\"\",\"potentialAction\":[{\"@type\":\"SearchAction\",\"target\":{\"@type\":\"EntryPoint\",\"urlTemplate\":\"https:\/\/www.60maisturismo.com.br\/v1\/?s={search_term_string}\"},\"query-input\":\"required name=search_term_string\"}],\"inLanguage\":\"pt-BR\"},{\"@type\":\"Person\",\"@id\":\"https:\/\/www.60maisturismo.com.br\/v1\/#\/schema\/person\/bef96f08865f4227f234c5a355238415\",\"name\":\"Reda\u00e7\u00e3o\",\"image\":{\"@type\":\"ImageObject\",\"inLanguage\":\"pt-BR\",\"@id\":\"https:\/\/www.60maisturismo.com.br\/v1\/#\/schema\/person\/image\/\",\"url\":\"https:\/\/secure.gravatar.com\/avatar\/26414fc2418fd62c7533a680af5ed73a?s=96&d=mm&r=g\",\"contentUrl\":\"https:\/\/secure.gravatar.com\/avatar\/26414fc2418fd62c7533a680af5ed73a?s=96&d=mm&r=g\",\"caption\":\"Reda\u00e7\u00e3o\"},\"url\":\"https:\/\/www.60maisturismo.com.br\/v1\/author\/editor\/\"}]}<\/script>\n<!-- \/ Yoast SEO plugin. -->","yoast_head_json":{"title":"Andradas Caf\u00e9 Festival comemora 4\u00aa edi\u00e7\u00e3o - 60+ TURISMO \/\/","description":"A quarta edi\u00e7\u00e3o do Andradas Caf\u00e9 Festival re\u00fane produtores baristas, provadores, mestres de torra e amantes da bebida","robots":{"index":"index","follow":"follow","max-snippet":"max-snippet:-1","max-image-preview":"max-image-preview:large","max-video-preview":"max-video-preview:-1"},"canonical":"https:\/\/www.60maisturismo.com.br\/v1\/2026\/04\/30\/andradas-cafe-festival-comemora-4a-edicao\/","og_locale":"pt_BR","og_type":"article","og_title":"Andradas Caf\u00e9 Festival comemora 4\u00aa edi\u00e7\u00e3o - 60+ TURISMO \/\/","og_description":"A quarta edi\u00e7\u00e3o do Andradas Caf\u00e9 Festival re\u00fane produtores baristas, provadores, mestres de torra e amantes da bebida","og_url":"https:\/\/www.60maisturismo.com.br\/v1\/2026\/04\/30\/andradas-cafe-festival-comemora-4a-edicao\/","og_site_name":"60+ TURISMO \/\/","article_published_time":"2026-04-30T13:53:39+00:00","og_image":[{"width":770,"height":513,"url":"https:\/\/www.60maisturismo.com.br\/v1\/wp-content\/uploads\/2026\/04\/unnamed-3-1.jpg","type":"image\/jpeg"}],"author":"Reda\u00e7\u00e3o","twitter_card":"summary_large_image","twitter_misc":{"Escrito por":"Reda\u00e7\u00e3o","Est. tempo de leitura":"7 minutos"},"schema":{"@context":"https:\/\/schema.org","@graph":[{"@type":"WebPage","@id":"https:\/\/www.60maisturismo.com.br\/v1\/2026\/04\/30\/andradas-cafe-festival-comemora-4a-edicao\/","url":"https:\/\/www.60maisturismo.com.br\/v1\/2026\/04\/30\/andradas-cafe-festival-comemora-4a-edicao\/","name":"Andradas Caf\u00e9 Festival comemora 4\u00aa edi\u00e7\u00e3o - 60+ TURISMO \/\/","isPartOf":{"@id":"https:\/\/www.60maisturismo.com.br\/v1\/#website"},"datePublished":"2026-04-30T13:53:39+00:00","dateModified":"2026-04-30T13:53:39+00:00","author":{"@id":"https:\/\/www.60maisturismo.com.br\/v1\/#\/schema\/person\/bef96f08865f4227f234c5a355238415"},"description":"A quarta edi\u00e7\u00e3o do Andradas Caf\u00e9 Festival re\u00fane produtores baristas, provadores, mestres de torra e amantes da bebida","breadcrumb":{"@id":"https:\/\/www.60maisturismo.com.br\/v1\/2026\/04\/30\/andradas-cafe-festival-comemora-4a-edicao\/#breadcrumb"},"inLanguage":"pt-BR","potentialAction":[{"@type":"ReadAction","target":["https:\/\/www.60maisturismo.com.br\/v1\/2026\/04\/30\/andradas-cafe-festival-comemora-4a-edicao\/"]}]},{"@type":"BreadcrumbList","@id":"https:\/\/www.60maisturismo.com.br\/v1\/2026\/04\/30\/andradas-cafe-festival-comemora-4a-edicao\/#breadcrumb","itemListElement":[{"@type":"ListItem","position":1,"name":"Home","item":"https:\/\/www.60maisturismo.com.br\/v1\/"},{"@type":"ListItem","position":2,"name":"Andradas Caf\u00e9 Festival comemora 4\u00aa edi\u00e7\u00e3o"}]},{"@type":"WebSite","@id":"https:\/\/www.60maisturismo.com.br\/v1\/#website","url":"https:\/\/www.60maisturismo.com.br\/v1\/","name":"60+ TURISMO \/\/","description":"","potentialAction":[{"@type":"SearchAction","target":{"@type":"EntryPoint","urlTemplate":"https:\/\/www.60maisturismo.com.br\/v1\/?s={search_term_string}"},"query-input":"required name=search_term_string"}],"inLanguage":"pt-BR"},{"@type":"Person","@id":"https:\/\/www.60maisturismo.com.br\/v1\/#\/schema\/person\/bef96f08865f4227f234c5a355238415","name":"Reda\u00e7\u00e3o","image":{"@type":"ImageObject","inLanguage":"pt-BR","@id":"https:\/\/www.60maisturismo.com.br\/v1\/#\/schema\/person\/image\/","url":"https:\/\/secure.gravatar.com\/avatar\/26414fc2418fd62c7533a680af5ed73a?s=96&d=mm&r=g","contentUrl":"https:\/\/secure.gravatar.com\/avatar\/26414fc2418fd62c7533a680af5ed73a?s=96&d=mm&r=g","caption":"Reda\u00e7\u00e3o"},"url":"https:\/\/www.60maisturismo.com.br\/v1\/author\/editor\/"}]}},"_links":{"self":[{"href":"https:\/\/www.60maisturismo.com.br\/v1\/wp-json\/wp\/v2\/posts\/9718"}],"collection":[{"href":"https:\/\/www.60maisturismo.com.br\/v1\/wp-json\/wp\/v2\/posts"}],"about":[{"href":"https:\/\/www.60maisturismo.com.br\/v1\/wp-json\/wp\/v2\/types\/post"}],"author":[{"embeddable":true,"href":"https:\/\/www.60maisturismo.com.br\/v1\/wp-json\/wp\/v2\/users\/3"}],"replies":[{"embeddable":true,"href":"https:\/\/www.60maisturismo.com.br\/v1\/wp-json\/wp\/v2\/comments?post=9718"}],"version-history":[{"count":1,"href":"https:\/\/www.60maisturismo.com.br\/v1\/wp-json\/wp\/v2\/posts\/9718\/revisions"}],"predecessor-version":[{"id":9720,"href":"https:\/\/www.60maisturismo.com.br\/v1\/wp-json\/wp\/v2\/posts\/9718\/revisions\/9720"}],"wp:featuredmedia":[{"embeddable":true,"href":"https:\/\/www.60maisturismo.com.br\/v1\/wp-json\/wp\/v2\/media\/9719"}],"wp:attachment":[{"href":"https:\/\/www.60maisturismo.com.br\/v1\/wp-json\/wp\/v2\/media?parent=9718"}],"wp:term":[{"taxonomy":"category","embeddable":true,"href":"https:\/\/www.60maisturismo.com.br\/v1\/wp-json\/wp\/v2\/categories?post=9718"},{"taxonomy":"post_tag","embeddable":true,"href":"https:\/\/www.60maisturismo.com.br\/v1\/wp-json\/wp\/v2\/tags?post=9718"}],"curies":[{"name":"wp","href":"https:\/\/api.w.org\/{rel}","templated":true}]}}