{"id":9695,"date":"2026-04-27T10:00:34","date_gmt":"2026-04-27T13:00:34","guid":{"rendered":"https:\/\/www.60maisturismo.com.br\/v1\/?p=9695"},"modified":"2026-04-27T10:00:34","modified_gmt":"2026-04-27T13:00:34","slug":"taag-te-leva-para-paises-de-fala-portuguesa","status":"publish","type":"post","link":"https:\/\/www.60maisturismo.com.br\/v1\/2026\/04\/27\/taag-te-leva-para-paises-de-fala-portuguesa\/","title":{"rendered":"TAAG te leva para pa\u00edses de fala portuguesa"},"content":{"rendered":"<p>O interesse dos brasileiros por destinos internacionais que ofere\u00e7am facilidade de comunica\u00e7\u00e3o, conex\u00e3o cultural e experi\u00eancias aut\u00eanticas vem crescendo nos \u00faltimos anos. Com isso, Portugal e os pa\u00edses da \u00c1frica Lus\u00f3fona se consolidam como escolhas estrat\u00e9gicas para quem deseja viajar ao exterior sem enfrentar barreiras lingu\u00edsticas.<\/p>\n<p>&nbsp;<\/p>\n<p>Compartilhando o idioma portugu\u00eas e la\u00e7os hist\u00f3ricos profundos com o Brasil, esses destinos oferecem uma combina\u00e7\u00e3o atrativa de infraestrutura tur\u00edstica, diversidade cultural, seguran\u00e7a, hospitalidade e belezas naturais. Para o viajante brasileiro, isso representa mais autonomia, tranquilidade e melhor aproveitamento da experi\u00eancia internacional.<\/p>\n<p>&nbsp;<\/p>\n<p>Conhe\u00e7a quatro destinos viajando TAAG que falam portugu\u00eas e v\u00eam ganhando destaque no turismo:<\/p>\n<p>&nbsp;<\/p>\n<p><strong>EUROPA<\/strong><\/p>\n<p>Principal destino europeu entre brasileiros, Portugal mant\u00e9m posi\u00e7\u00e3o estrat\u00e9gica tanto para turismo como para interc\u00e2mbio e neg\u00f3cios. Cidades como Lisboa e Porto combinam patrim\u00f4nio hist\u00f3rico preservado, gastronomia internacionalmente reconhecida e excelente mobilidade urbana.<\/p>\n<p>&nbsp;<\/p>\n<p>Regi\u00f5es como o Algarve atraem visitantes em busca de praias paradis\u00edacas, enquanto Sintra encanta com seus pal\u00e1cios e paisagens \u00fanicas. Al\u00e9m disso, Portugal oferece facilidade no deslocamento para outros pa\u00edses da Europa, infraestrutura tur\u00edstica consolidada, seguran\u00e7a e qualidade de vida e comunica\u00e7\u00e3o simples e direta para brasileiros.<\/p>\n<p>&nbsp;<\/p>\n<p><strong>\u00c1FRICA<\/strong><\/p>\n<p>A chamada \u00c1frica Lus\u00f3fona re\u00fane pa\u00edses africanos que t\u00eam o portugu\u00eas como l\u00edngua oficial, heran\u00e7a do processo hist\u00f3rico de coloniza\u00e7\u00e3o portuguesa. Para os brasileiros, esses destinos representam a oportunidade de vivenciar culturas vibrantes e paisagens exuberantes com o conforto da comunica\u00e7\u00e3o no mesmo idioma.<\/p>\n<p>&nbsp;<\/p>\n<p><strong>Entre os destaques est\u00e3o: <\/strong><\/p>\n<p><strong>Angola &#8211; <\/strong>Com forte liga\u00e7\u00e3o hist\u00f3rica com o Brasil, Angola impressiona pela diversidade de paisagens e experi\u00eancias. Entre os principais atrativos est\u00e3o as Quedas de Kalandula, uma das maiores da \u00c1frica, as praias da Ilha do Mussulo e a vibrante Ilha do Cabo (Ilha de Luanda), conhecida pela sua vida social, gastronomia e lazer \u00e0 beira-mar.<\/p>\n<p>&nbsp;<\/p>\n<p>O pa\u00eds abriga ainda o Deserto do Namibe, um dos mais antigos do mundo, com cen\u00e1rios \u00fanicos e esp\u00e9cies end\u00eamicas, tornando-se um destino de grande valor para o ecoturismo. A capital, Luanda, combina moderniza\u00e7\u00e3o urbana, intensa vida cultural e infraestrutura em crescimento, refor\u00e7ando o potencial tur\u00edstico do pa\u00eds.<\/p>\n<p>&nbsp;<\/p>\n<p><strong>Mo\u00e7ambique &#8211;<\/strong> Conhecido por suas praias de \u00e1guas cristalinas e pelo Arquip\u00e9lago de Bazaruto, Mo\u00e7ambique se destaca no turismo ecol\u00f3gico e de experi\u00eancia. O pa\u00eds \u00e9 refer\u00eancia em mergulho, vida marinha preservada e paisagens praticamente intocadas.<\/p>\n<p>&nbsp;<\/p>\n<p>Maputo, a capital, re\u00fane arquitetura hist\u00f3rica, influ\u00eancia cultural africana e portuguesa e gastronomia marcante.<\/p>\n<p>&nbsp;<\/p>\n<p><strong>S\u00e3o Tom\u00e9 e Pr\u00edncipe &#8211; <\/strong>Ainda pouco explorado pelo turismo de massa, S\u00e3o Tom\u00e9 e Pr\u00edncipe \u00e9 um verdadeiro ref\u00fagio tropical no Golfo da Guin\u00e9. O destino oferece praias praticamente intocadas, florestas tropicais e experi\u00eancias ligadas ao turismo sustent\u00e1vel.<\/p>\n<p>&nbsp;<\/p>\n<p><strong>Comunica\u00e7\u00e3o como diferencial competitivo <\/strong><\/p>\n<p>Viajar para destinos onde o portugu\u00eas \u00e9 l\u00edngua oficial reduz inseguran\u00e7as comuns em viagens internacionais. A comunica\u00e7\u00e3o facilita negocia\u00e7\u00f5es, deslocamentos, reservas e experi\u00eancias culturais, tornando a jornada mais confort\u00e1vel e proveitosa. Mais do que compartilhar o idioma, Brasil, Portugal e os pa\u00edses africanos lus\u00f3fonos compartilham heran\u00e7as culturais que fortalecem a sensa\u00e7\u00e3o de pertencimento e acolhimento. Para o brasileiro que deseja explorar novos continentes com seguran\u00e7a, praticidade e riqueza cultural, o mundo lus\u00f3fono surge como uma alternativa estrat\u00e9gica e cada vez mais valorizada.<\/p>\n<p>&nbsp;<\/p>\n<p>Uma das formas de chegar na Europa ou na \u00c1frica voando do Brasil \u00e9 via <a href=\"https:\/\/flytaag.com\/\" target=\"_blank\" rel=\"noopener\" data-saferedirecturl=\"https:\/\/www.google.com\/url?q=https:\/\/flytaag.com\/&amp;source=gmail&amp;ust=1777380340074000&amp;usg=AOvVaw1atp5wJ0VxL2og1n5j5IHL\">TAAG Linhas A\u00e9reas de Angola<\/a>: a companhia tem voos partindo quatro vezes por semana do aeroporto de Guarulhos (S\u00e3o Paulo) em dire\u00e7\u00e3o a Luanda, capital da Angola. Eles saem \u00e0s segundas, quartas, sextas e aos domingos. Chegando a Luanda, capital da Angola, h\u00e1 voos di\u00e1rios conectando a cidade a Lisboa.<\/p>\n<p>&nbsp;<\/p>\n<p>A companhia tamb\u00e9m conecta Luanda a importantes destinos no continente africano, como Cidade do Cabo e Joanesburgo (\u00c1frica do Sul), Windhoek (Nam\u00edbia), Kinshasa (Rep\u00fablica Democr\u00e1tica do Congo), Brazzaville (Rep\u00fablica do Congo), Lagos (Nig\u00e9ria), Nair\u00f3bi (Qu\u00eania) e agora tamb\u00e9m Abidjan (Costa do Marfim), ampliando as op\u00e7\u00f5es de mobilidade regional para os passageiros.<\/p>\n<p>&nbsp;<\/p>\n<p>As passagens podem ser compradas em todos os canais da TAAG: <a href=\"https:\/\/flytaag.com\/pt\/\" target=\"_blank\" rel=\"noopener\" data-saferedirecturl=\"https:\/\/www.google.com\/url?q=https:\/\/flytaag.com\/pt\/&amp;source=gmail&amp;ust=1777380340074000&amp;usg=AOvVaw2crG_c574KKXRCCedlZwPd\"><u>website<\/u><\/a>, call center, ag\u00eancias de viagem, loja da TAAG no Aeroporto de Guarulhos e na nova plataforma da companhia, o App da TAAG, compat\u00edvel com dispositivos iOS e Android.<\/p>\n<p>&nbsp;<\/p>\n<p>Al\u00e9m disso, a companhia permite parcelamento das compras em at\u00e9 4x sem juros para voos com origem no Brasil, dispon\u00edvel exclusivamente para compras realizadas em ag\u00eancias de viagem. J\u00e1 para os bilhetes com origem em Angola, o pagamento tamb\u00e9m pode ser realizado de forma parcelada por meio da solu\u00e7\u00e3o financeira \u201cLeve J\u00e1, Pague Depois\u201d, disponibilizada pelo Standard Bank Angola em parceria com a TAAG.<\/p>\n","protected":false},"excerpt":{"rendered":"<p>O interesse dos brasileiros por destinos internacionais que ofere\u00e7am facilidade de comunica\u00e7\u00e3o, conex\u00e3o cultural e experi\u00eancias aut\u00eanticas vem crescendo nos \u00faltimos anos. Com isso, Portugal e os pa\u00edses da \u00c1frica Lus\u00f3fona se consolidam como escolhas estrat\u00e9gicas para quem deseja viajar ao exterior sem enfrentar barreiras lingu\u00edsticas. &nbsp; Compartilhando o idioma portugu\u00eas e la\u00e7os hist\u00f3ricos profundos &hellip;<\/p>\n","protected":false},"author":3,"featured_media":9696,"comment_status":"closed","ping_status":"closed","sticky":false,"template":"","format":"standard","meta":{"_links_to":"","_links_to_target":""},"categories":[33],"tags":[207,205,1683,1130,298,1684,1129],"yoast_head":"<!-- This site is optimized with the Yoast SEO plugin v20.8 - https:\/\/yoast.com\/wordpress\/plugins\/seo\/ -->\n<title>TAAG te leva para pa\u00edses de fala portuguesa - 60+ TURISMO \/\/<\/title>\n<meta name=\"description\" content=\"Portugal e \u00c1frica Lus\u00f3fona se consolidam como destinos estrat\u00e9gicos para brasileiros Voando com a TAAG\" \/>\n<meta name=\"robots\" content=\"index, follow, max-snippet:-1, max-image-preview:large, max-video-preview:-1\" \/>\n<link rel=\"canonical\" href=\"https:\/\/www.60maisturismo.com.br\/v1\/2026\/04\/27\/taag-te-leva-para-paises-de-fala-portuguesa\/\" \/>\n<meta property=\"og:locale\" content=\"pt_BR\" \/>\n<meta property=\"og:type\" content=\"article\" \/>\n<meta property=\"og:title\" content=\"TAAG te leva para pa\u00edses de fala portuguesa - 60+ TURISMO \/\/\" \/>\n<meta property=\"og:description\" content=\"Portugal e \u00c1frica Lus\u00f3fona se consolidam como destinos estrat\u00e9gicos para brasileiros Voando com a TAAG\" \/>\n<meta property=\"og:url\" content=\"https:\/\/www.60maisturismo.com.br\/v1\/2026\/04\/27\/taag-te-leva-para-paises-de-fala-portuguesa\/\" \/>\n<meta property=\"og:site_name\" content=\"60+ TURISMO \/\/\" \/>\n<meta property=\"article:published_time\" content=\"2026-04-27T13:00:34+00:00\" \/>\n<meta property=\"og:image\" content=\"https:\/\/www.60maisturismo.com.br\/v1\/wp-content\/uploads\/2026\/04\/unnamed-4.jpg\" \/>\n\t<meta property=\"og:image:width\" content=\"770\" \/>\n\t<meta property=\"og:image:height\" content=\"513\" \/>\n\t<meta property=\"og:image:type\" content=\"image\/jpeg\" \/>\n<meta name=\"author\" content=\"Reda\u00e7\u00e3o\" \/>\n<meta name=\"twitter:card\" content=\"summary_large_image\" \/>\n<meta name=\"twitter:label1\" content=\"Escrito por\" \/>\n\t<meta name=\"twitter:data1\" content=\"Reda\u00e7\u00e3o\" \/>\n\t<meta name=\"twitter:label2\" content=\"Est. tempo de leitura\" \/>\n\t<meta name=\"twitter:data2\" content=\"5 minutos\" \/>\n<script type=\"application\/ld+json\" class=\"yoast-schema-graph\">{\"@context\":\"https:\/\/schema.org\",\"@graph\":[{\"@type\":\"WebPage\",\"@id\":\"https:\/\/www.60maisturismo.com.br\/v1\/2026\/04\/27\/taag-te-leva-para-paises-de-fala-portuguesa\/\",\"url\":\"https:\/\/www.60maisturismo.com.br\/v1\/2026\/04\/27\/taag-te-leva-para-paises-de-fala-portuguesa\/\",\"name\":\"TAAG te leva para pa\u00edses de fala portuguesa - 60+ TURISMO \/\/\",\"isPartOf\":{\"@id\":\"https:\/\/www.60maisturismo.com.br\/v1\/#website\"},\"datePublished\":\"2026-04-27T13:00:34+00:00\",\"dateModified\":\"2026-04-27T13:00:34+00:00\",\"author\":{\"@id\":\"https:\/\/www.60maisturismo.com.br\/v1\/#\/schema\/person\/bef96f08865f4227f234c5a355238415\"},\"description\":\"Portugal e \u00c1frica Lus\u00f3fona se consolidam como destinos estrat\u00e9gicos para brasileiros Voando com a TAAG\",\"breadcrumb\":{\"@id\":\"https:\/\/www.60maisturismo.com.br\/v1\/2026\/04\/27\/taag-te-leva-para-paises-de-fala-portuguesa\/#breadcrumb\"},\"inLanguage\":\"pt-BR\",\"potentialAction\":[{\"@type\":\"ReadAction\",\"target\":[\"https:\/\/www.60maisturismo.com.br\/v1\/2026\/04\/27\/taag-te-leva-para-paises-de-fala-portuguesa\/\"]}]},{\"@type\":\"BreadcrumbList\",\"@id\":\"https:\/\/www.60maisturismo.com.br\/v1\/2026\/04\/27\/taag-te-leva-para-paises-de-fala-portuguesa\/#breadcrumb\",\"itemListElement\":[{\"@type\":\"ListItem\",\"position\":1,\"name\":\"Home\",\"item\":\"https:\/\/www.60maisturismo.com.br\/v1\/\"},{\"@type\":\"ListItem\",\"position\":2,\"name\":\"TAAG te leva para pa\u00edses de fala portuguesa\"}]},{\"@type\":\"WebSite\",\"@id\":\"https:\/\/www.60maisturismo.com.br\/v1\/#website\",\"url\":\"https:\/\/www.60maisturismo.com.br\/v1\/\",\"name\":\"60+ TURISMO \/\/\",\"description\":\"\",\"potentialAction\":[{\"@type\":\"SearchAction\",\"target\":{\"@type\":\"EntryPoint\",\"urlTemplate\":\"https:\/\/www.60maisturismo.com.br\/v1\/?s={search_term_string}\"},\"query-input\":\"required name=search_term_string\"}],\"inLanguage\":\"pt-BR\"},{\"@type\":\"Person\",\"@id\":\"https:\/\/www.60maisturismo.com.br\/v1\/#\/schema\/person\/bef96f08865f4227f234c5a355238415\",\"name\":\"Reda\u00e7\u00e3o\",\"image\":{\"@type\":\"ImageObject\",\"inLanguage\":\"pt-BR\",\"@id\":\"https:\/\/www.60maisturismo.com.br\/v1\/#\/schema\/person\/image\/\",\"url\":\"https:\/\/secure.gravatar.com\/avatar\/26414fc2418fd62c7533a680af5ed73a?s=96&d=mm&r=g\",\"contentUrl\":\"https:\/\/secure.gravatar.com\/avatar\/26414fc2418fd62c7533a680af5ed73a?s=96&d=mm&r=g\",\"caption\":\"Reda\u00e7\u00e3o\"},\"url\":\"https:\/\/www.60maisturismo.com.br\/v1\/author\/editor\/\"}]}<\/script>\n<!-- \/ Yoast SEO plugin. -->","yoast_head_json":{"title":"TAAG te leva para pa\u00edses de fala portuguesa - 60+ TURISMO \/\/","description":"Portugal e \u00c1frica Lus\u00f3fona se consolidam como destinos estrat\u00e9gicos para brasileiros Voando com a TAAG","robots":{"index":"index","follow":"follow","max-snippet":"max-snippet:-1","max-image-preview":"max-image-preview:large","max-video-preview":"max-video-preview:-1"},"canonical":"https:\/\/www.60maisturismo.com.br\/v1\/2026\/04\/27\/taag-te-leva-para-paises-de-fala-portuguesa\/","og_locale":"pt_BR","og_type":"article","og_title":"TAAG te leva para pa\u00edses de fala portuguesa - 60+ TURISMO \/\/","og_description":"Portugal e \u00c1frica Lus\u00f3fona se consolidam como destinos estrat\u00e9gicos para brasileiros Voando com a TAAG","og_url":"https:\/\/www.60maisturismo.com.br\/v1\/2026\/04\/27\/taag-te-leva-para-paises-de-fala-portuguesa\/","og_site_name":"60+ TURISMO \/\/","article_published_time":"2026-04-27T13:00:34+00:00","og_image":[{"width":770,"height":513,"url":"https:\/\/www.60maisturismo.com.br\/v1\/wp-content\/uploads\/2026\/04\/unnamed-4.jpg","type":"image\/jpeg"}],"author":"Reda\u00e7\u00e3o","twitter_card":"summary_large_image","twitter_misc":{"Escrito por":"Reda\u00e7\u00e3o","Est. tempo de leitura":"5 minutos"},"schema":{"@context":"https:\/\/schema.org","@graph":[{"@type":"WebPage","@id":"https:\/\/www.60maisturismo.com.br\/v1\/2026\/04\/27\/taag-te-leva-para-paises-de-fala-portuguesa\/","url":"https:\/\/www.60maisturismo.com.br\/v1\/2026\/04\/27\/taag-te-leva-para-paises-de-fala-portuguesa\/","name":"TAAG te leva para pa\u00edses de fala portuguesa - 60+ TURISMO \/\/","isPartOf":{"@id":"https:\/\/www.60maisturismo.com.br\/v1\/#website"},"datePublished":"2026-04-27T13:00:34+00:00","dateModified":"2026-04-27T13:00:34+00:00","author":{"@id":"https:\/\/www.60maisturismo.com.br\/v1\/#\/schema\/person\/bef96f08865f4227f234c5a355238415"},"description":"Portugal e \u00c1frica Lus\u00f3fona se consolidam como destinos estrat\u00e9gicos para brasileiros Voando com a TAAG","breadcrumb":{"@id":"https:\/\/www.60maisturismo.com.br\/v1\/2026\/04\/27\/taag-te-leva-para-paises-de-fala-portuguesa\/#breadcrumb"},"inLanguage":"pt-BR","potentialAction":[{"@type":"ReadAction","target":["https:\/\/www.60maisturismo.com.br\/v1\/2026\/04\/27\/taag-te-leva-para-paises-de-fala-portuguesa\/"]}]},{"@type":"BreadcrumbList","@id":"https:\/\/www.60maisturismo.com.br\/v1\/2026\/04\/27\/taag-te-leva-para-paises-de-fala-portuguesa\/#breadcrumb","itemListElement":[{"@type":"ListItem","position":1,"name":"Home","item":"https:\/\/www.60maisturismo.com.br\/v1\/"},{"@type":"ListItem","position":2,"name":"TAAG te leva para pa\u00edses de fala portuguesa"}]},{"@type":"WebSite","@id":"https:\/\/www.60maisturismo.com.br\/v1\/#website","url":"https:\/\/www.60maisturismo.com.br\/v1\/","name":"60+ TURISMO \/\/","description":"","potentialAction":[{"@type":"SearchAction","target":{"@type":"EntryPoint","urlTemplate":"https:\/\/www.60maisturismo.com.br\/v1\/?s={search_term_string}"},"query-input":"required name=search_term_string"}],"inLanguage":"pt-BR"},{"@type":"Person","@id":"https:\/\/www.60maisturismo.com.br\/v1\/#\/schema\/person\/bef96f08865f4227f234c5a355238415","name":"Reda\u00e7\u00e3o","image":{"@type":"ImageObject","inLanguage":"pt-BR","@id":"https:\/\/www.60maisturismo.com.br\/v1\/#\/schema\/person\/image\/","url":"https:\/\/secure.gravatar.com\/avatar\/26414fc2418fd62c7533a680af5ed73a?s=96&d=mm&r=g","contentUrl":"https:\/\/secure.gravatar.com\/avatar\/26414fc2418fd62c7533a680af5ed73a?s=96&d=mm&r=g","caption":"Reda\u00e7\u00e3o"},"url":"https:\/\/www.60maisturismo.com.br\/v1\/author\/editor\/"}]}},"_links":{"self":[{"href":"https:\/\/www.60maisturismo.com.br\/v1\/wp-json\/wp\/v2\/posts\/9695"}],"collection":[{"href":"https:\/\/www.60maisturismo.com.br\/v1\/wp-json\/wp\/v2\/posts"}],"about":[{"href":"https:\/\/www.60maisturismo.com.br\/v1\/wp-json\/wp\/v2\/types\/post"}],"author":[{"embeddable":true,"href":"https:\/\/www.60maisturismo.com.br\/v1\/wp-json\/wp\/v2\/users\/3"}],"replies":[{"embeddable":true,"href":"https:\/\/www.60maisturismo.com.br\/v1\/wp-json\/wp\/v2\/comments?post=9695"}],"version-history":[{"count":1,"href":"https:\/\/www.60maisturismo.com.br\/v1\/wp-json\/wp\/v2\/posts\/9695\/revisions"}],"predecessor-version":[{"id":9697,"href":"https:\/\/www.60maisturismo.com.br\/v1\/wp-json\/wp\/v2\/posts\/9695\/revisions\/9697"}],"wp:featuredmedia":[{"embeddable":true,"href":"https:\/\/www.60maisturismo.com.br\/v1\/wp-json\/wp\/v2\/media\/9696"}],"wp:attachment":[{"href":"https:\/\/www.60maisturismo.com.br\/v1\/wp-json\/wp\/v2\/media?parent=9695"}],"wp:term":[{"taxonomy":"category","embeddable":true,"href":"https:\/\/www.60maisturismo.com.br\/v1\/wp-json\/wp\/v2\/categories?post=9695"},{"taxonomy":"post_tag","embeddable":true,"href":"https:\/\/www.60maisturismo.com.br\/v1\/wp-json\/wp\/v2\/tags?post=9695"}],"curies":[{"name":"wp","href":"https:\/\/api.w.org\/{rel}","templated":true}]}}