{"id":9692,"date":"2026-04-25T09:51:34","date_gmt":"2026-04-25T12:51:34","guid":{"rendered":"https:\/\/www.60maisturismo.com.br\/v1\/?p=9692"},"modified":"2026-04-25T09:51:34","modified_gmt":"2026-04-25T12:51:34","slug":"posso-levar-power-banks-no-aviao","status":"publish","type":"post","link":"https:\/\/www.60maisturismo.com.br\/v1\/2026\/04\/25\/posso-levar-power-banks-no-aviao\/","title":{"rendered":"Posso levar power banks no avi\u00e3o?"},"content":{"rendered":"<p style=\"font-weight: 400;\">A Ag\u00eancia Nacional de Avia\u00e7\u00e3o Civil (Anac) atualizou as regras para o transporte de carregadores port\u00e1teis (<strong>power banks<\/strong>) em voos, com o objetivo de aumentar a seguran\u00e7a das opera\u00e7\u00f5es a\u00e9reas.<\/p>\n<p style=\"font-weight: 400;\">\n<p style=\"font-weight: 400;\"><a href=\"https:\/\/www.anac.gov.br\/assuntos\/legislacao\/legislacao-1\/iac-e-is\/is\/is-175-001\/@@display-file\/arquivo_norma\/IS%20175-001M.pdf\" data-saferedirecturl=\"https:\/\/www.google.com\/url?q=https:\/\/www.anac.gov.br\/assuntos\/legislacao\/legislacao-1\/iac-e-is\/is\/is-175-001\/@@display-file\/arquivo_norma\/IS%2520175-001M.pdf&amp;source=gmail&amp;ust=1777206491214000&amp;usg=AOvVaw2ioJ7WzDIdNiE5ZyZQ1vZi\">A revis\u00e3o da Instru\u00e7\u00e3o Suplementar n\u00ba 175-001<\/a>, que trata do transporte de artigos perigosos por via a\u00e9rea, foi <a href=\"https:\/\/www.in.gov.br\/web\/dou\/-\/portaria-regulatoria-n-21-de-1-de-abril-de-2026-697386011\" data-saferedirecturl=\"https:\/\/www.google.com\/url?q=https:\/\/www.in.gov.br\/web\/dou\/-\/portaria-regulatoria-n-21-de-1-de-abril-de-2026-697386011&amp;source=gmail&amp;ust=1777206491214000&amp;usg=AOvVaw1vWDA22E8ToRTzlbuK_T7J\">publicada no Di\u00e1rio Oficial da Uni\u00e3o<\/a> e incorporou as <a href=\"https:\/\/www.icao.int\/news\/new-power-bank-restrictions-will-safeguard-international-aviation\" data-saferedirecturl=\"https:\/\/www.google.com\/url?q=https:\/\/www.icao.int\/news\/new-power-bank-restrictions-will-safeguard-international-aviation&amp;source=gmail&amp;ust=1777206491214000&amp;usg=AOvVaw19XWPIyovaZh9IDLX7i3EX\">novas especifica\u00e7\u00f5es da Organiza\u00e7\u00e3o da Avia\u00e7\u00e3o Civil Internacional (Oaci)<\/a>sobre o transporte desses itens, cujo objetivo \u00e9 aprimorar a seguran\u00e7a das opera\u00e7\u00f5es e evitar riscos desnecess\u00e1rios ao transporte a\u00e9reo.<\/p>\n<p style=\"font-weight: 400;\">\n<p style=\"font-weight: 400;\">Agora, est\u00e3o valendo as seguintes regras sobre carregadores port\u00e1teis:<\/p>\n<p style=\"font-weight: 400;\">\n<p style=\"font-weight: 400;\">&#8211; Power banks devem ser transportados exclusivamente na bagagem de m\u00e3o (regra j\u00e1 existente, agora refor\u00e7ada);<\/p>\n<p style=\"font-weight: 400;\">\n<p style=\"font-weight: 400;\">&#8211; Cada passageiro poder\u00e1 transportar, no m\u00e1ximo, dois power banks;<\/p>\n<p style=\"font-weight: 400;\">\n<p style=\"font-weight: 400;\">&#8211; Os equipamentos devem ter capacidade de at\u00e9 100Wh. Os modelos que tenham entre 100 Wh e 160 Wh precisar\u00e3o de autoriza\u00e7\u00e3o pr\u00e9via da companhia a\u00e9rea. J\u00e1 aqueles superiores a 160 Wh s\u00e3o proibidos e dever\u00e3o ser descartados antes da entrada na aeronave.<\/p>\n<p style=\"font-weight: 400;\">\n<p style=\"font-weight: 400;\">&#8211; \u00c9 proibido recarregar power banks a bordo da aeronave;<\/p>\n<p style=\"font-weight: 400;\">\n<p style=\"font-weight: 400;\">&#8211; Fica sugerido que power banks n\u00e3o sejam utilizados para carregar outros eletr\u00f4nicos a bordo da aeronave;<\/p>\n<p style=\"font-weight: 400;\">\n<p style=\"font-weight: 400;\">&#8211; Os power banks devem estar protegidos contra curto-circuito, com os terminais isolados ou na embalagem original.<\/p>\n<p style=\"font-weight: 400;\">\n<p style=\"font-weight: 400;\">Essas medidas t\u00eam o objetivo de reduzir o risco de inc\u00eandios em cabine, uma vez que baterias de l\u00edtio podem apresentar falhas que levam ao superaquecimento.<\/p>\n<p style=\"font-weight: 400;\">\n<p style=\"font-weight: 400;\"><strong>Orienta\u00e7\u00f5es<\/strong><\/p>\n<p style=\"font-weight: 400;\">A Anac orienta que passageiros entrem em contato com as empresas a\u00e9reas antes de embarcar portando powerbanks. Isso porque cada companhia pode adotar medidas mais rigorosas, com base em suas avalia\u00e7\u00f5es de risco operacional, uma vez que a Ag\u00eancia tamb\u00e9m recomenda essa an\u00e1lise e adequa\u00e7\u00e3o de procedimentos internos, conforme indicado na IS n\u00b0 175-001.<\/p>\n<p style=\"font-weight: 400;\">\n<p style=\"font-weight: 400;\">Para mais informa\u00e7\u00f5es sobre itens permitidos e restri\u00e7\u00f5es no transporte a\u00e9reo, <a href=\"https:\/\/www.gov.br\/anac\/pt-br\/assuntos\/regulados\/empresas-aereas\/artigos-perigosos\/o-que-posso-transportar\" data-saferedirecturl=\"https:\/\/www.google.com\/url?q=https:\/\/www.gov.br\/anac\/pt-br\/assuntos\/regulados\/empresas-aereas\/artigos-perigosos\/o-que-posso-transportar&amp;source=gmail&amp;ust=1777206491214000&amp;usg=AOvVaw37dr8aF15cjjGo7DWkGZlG\">consulte o site\u00a0 da Anac<\/a>.<\/p>\n","protected":false},"excerpt":{"rendered":"<p>A Ag\u00eancia Nacional de Avia\u00e7\u00e3o Civil (Anac) atualizou as regras para o transporte de carregadores port\u00e1teis (power banks) em voos, com o objetivo de aumentar a seguran\u00e7a das opera\u00e7\u00f5es a\u00e9reas. A revis\u00e3o da Instru\u00e7\u00e3o Suplementar n\u00ba 175-001, que trata do transporte de artigos perigosos por via a\u00e9rea, foi publicada no Di\u00e1rio Oficial da Uni\u00e3o e &hellip;<\/p>\n","protected":false},"author":3,"featured_media":9693,"comment_status":"closed","ping_status":"closed","sticky":false,"template":"","format":"standard","meta":{"_links_to":"","_links_to_target":""},"categories":[1],"tags":[1421,1103,1682,1681,583],"yoast_head":"<!-- This site is optimized with the Yoast SEO plugin v20.8 - https:\/\/yoast.com\/wordpress\/plugins\/seo\/ -->\n<title>Posso levar power banks no avi\u00e3o? - 60+ TURISMO \/\/<\/title>\n<meta name=\"description\" content=\"A ANC atualizou as regras para o transporte de carregadores port\u00e1teis (powerbanks) em voos, com o objetivo de aumentar a seguran\u00e7a\" \/>\n<meta name=\"robots\" content=\"index, follow, max-snippet:-1, max-image-preview:large, max-video-preview:-1\" \/>\n<link rel=\"canonical\" href=\"https:\/\/www.60maisturismo.com.br\/v1\/2026\/04\/25\/posso-levar-power-banks-no-aviao\/\" \/>\n<meta property=\"og:locale\" content=\"pt_BR\" \/>\n<meta property=\"og:type\" content=\"article\" \/>\n<meta property=\"og:title\" content=\"Posso levar power banks no avi\u00e3o? - 60+ TURISMO \/\/\" \/>\n<meta property=\"og:description\" content=\"A ANC atualizou as regras para o transporte de carregadores port\u00e1teis (powerbanks) em voos, com o objetivo de aumentar a seguran\u00e7a\" \/>\n<meta property=\"og:url\" content=\"https:\/\/www.60maisturismo.com.br\/v1\/2026\/04\/25\/posso-levar-power-banks-no-aviao\/\" \/>\n<meta property=\"og:site_name\" content=\"60+ TURISMO \/\/\" \/>\n<meta property=\"article:published_time\" content=\"2026-04-25T12:51:34+00:00\" \/>\n<meta property=\"og:image\" content=\"https:\/\/www.60maisturismo.com.br\/v1\/wp-content\/uploads\/2026\/04\/IMG_1896.jpg\" \/>\n\t<meta property=\"og:image:width\" content=\"770\" \/>\n\t<meta property=\"og:image:height\" content=\"402\" \/>\n\t<meta property=\"og:image:type\" content=\"image\/jpeg\" \/>\n<meta name=\"author\" content=\"Reda\u00e7\u00e3o\" \/>\n<meta name=\"twitter:card\" content=\"summary_large_image\" \/>\n<meta name=\"twitter:label1\" content=\"Escrito por\" \/>\n\t<meta name=\"twitter:data1\" content=\"Reda\u00e7\u00e3o\" \/>\n\t<meta name=\"twitter:label2\" content=\"Est. tempo de leitura\" \/>\n\t<meta name=\"twitter:data2\" content=\"2 minutos\" \/>\n<script type=\"application\/ld+json\" class=\"yoast-schema-graph\">{\"@context\":\"https:\/\/schema.org\",\"@graph\":[{\"@type\":\"WebPage\",\"@id\":\"https:\/\/www.60maisturismo.com.br\/v1\/2026\/04\/25\/posso-levar-power-banks-no-aviao\/\",\"url\":\"https:\/\/www.60maisturismo.com.br\/v1\/2026\/04\/25\/posso-levar-power-banks-no-aviao\/\",\"name\":\"Posso levar power banks no avi\u00e3o? - 60+ TURISMO \/\/\",\"isPartOf\":{\"@id\":\"https:\/\/www.60maisturismo.com.br\/v1\/#website\"},\"datePublished\":\"2026-04-25T12:51:34+00:00\",\"dateModified\":\"2026-04-25T12:51:34+00:00\",\"author\":{\"@id\":\"https:\/\/www.60maisturismo.com.br\/v1\/#\/schema\/person\/bef96f08865f4227f234c5a355238415\"},\"description\":\"A ANC atualizou as regras para o transporte de carregadores port\u00e1teis (powerbanks) em voos, com o objetivo de aumentar a seguran\u00e7a\",\"breadcrumb\":{\"@id\":\"https:\/\/www.60maisturismo.com.br\/v1\/2026\/04\/25\/posso-levar-power-banks-no-aviao\/#breadcrumb\"},\"inLanguage\":\"pt-BR\",\"potentialAction\":[{\"@type\":\"ReadAction\",\"target\":[\"https:\/\/www.60maisturismo.com.br\/v1\/2026\/04\/25\/posso-levar-power-banks-no-aviao\/\"]}]},{\"@type\":\"BreadcrumbList\",\"@id\":\"https:\/\/www.60maisturismo.com.br\/v1\/2026\/04\/25\/posso-levar-power-banks-no-aviao\/#breadcrumb\",\"itemListElement\":[{\"@type\":\"ListItem\",\"position\":1,\"name\":\"Home\",\"item\":\"https:\/\/www.60maisturismo.com.br\/v1\/\"},{\"@type\":\"ListItem\",\"position\":2,\"name\":\"Posso levar power banks no avi\u00e3o?\"}]},{\"@type\":\"WebSite\",\"@id\":\"https:\/\/www.60maisturismo.com.br\/v1\/#website\",\"url\":\"https:\/\/www.60maisturismo.com.br\/v1\/\",\"name\":\"60+ TURISMO \/\/\",\"description\":\"\",\"potentialAction\":[{\"@type\":\"SearchAction\",\"target\":{\"@type\":\"EntryPoint\",\"urlTemplate\":\"https:\/\/www.60maisturismo.com.br\/v1\/?s={search_term_string}\"},\"query-input\":\"required name=search_term_string\"}],\"inLanguage\":\"pt-BR\"},{\"@type\":\"Person\",\"@id\":\"https:\/\/www.60maisturismo.com.br\/v1\/#\/schema\/person\/bef96f08865f4227f234c5a355238415\",\"name\":\"Reda\u00e7\u00e3o\",\"image\":{\"@type\":\"ImageObject\",\"inLanguage\":\"pt-BR\",\"@id\":\"https:\/\/www.60maisturismo.com.br\/v1\/#\/schema\/person\/image\/\",\"url\":\"https:\/\/secure.gravatar.com\/avatar\/26414fc2418fd62c7533a680af5ed73a?s=96&d=mm&r=g\",\"contentUrl\":\"https:\/\/secure.gravatar.com\/avatar\/26414fc2418fd62c7533a680af5ed73a?s=96&d=mm&r=g\",\"caption\":\"Reda\u00e7\u00e3o\"},\"url\":\"https:\/\/www.60maisturismo.com.br\/v1\/author\/editor\/\"}]}<\/script>\n<!-- \/ Yoast SEO plugin. -->","yoast_head_json":{"title":"Posso levar power banks no avi\u00e3o? - 60+ TURISMO \/\/","description":"A ANC atualizou as regras para o transporte de carregadores port\u00e1teis (powerbanks) em voos, com o objetivo de aumentar a seguran\u00e7a","robots":{"index":"index","follow":"follow","max-snippet":"max-snippet:-1","max-image-preview":"max-image-preview:large","max-video-preview":"max-video-preview:-1"},"canonical":"https:\/\/www.60maisturismo.com.br\/v1\/2026\/04\/25\/posso-levar-power-banks-no-aviao\/","og_locale":"pt_BR","og_type":"article","og_title":"Posso levar power banks no avi\u00e3o? - 60+ TURISMO \/\/","og_description":"A ANC atualizou as regras para o transporte de carregadores port\u00e1teis (powerbanks) em voos, com o objetivo de aumentar a seguran\u00e7a","og_url":"https:\/\/www.60maisturismo.com.br\/v1\/2026\/04\/25\/posso-levar-power-banks-no-aviao\/","og_site_name":"60+ TURISMO \/\/","article_published_time":"2026-04-25T12:51:34+00:00","og_image":[{"width":770,"height":402,"url":"https:\/\/www.60maisturismo.com.br\/v1\/wp-content\/uploads\/2026\/04\/IMG_1896.jpg","type":"image\/jpeg"}],"author":"Reda\u00e7\u00e3o","twitter_card":"summary_large_image","twitter_misc":{"Escrito por":"Reda\u00e7\u00e3o","Est. tempo de leitura":"2 minutos"},"schema":{"@context":"https:\/\/schema.org","@graph":[{"@type":"WebPage","@id":"https:\/\/www.60maisturismo.com.br\/v1\/2026\/04\/25\/posso-levar-power-banks-no-aviao\/","url":"https:\/\/www.60maisturismo.com.br\/v1\/2026\/04\/25\/posso-levar-power-banks-no-aviao\/","name":"Posso levar power banks no avi\u00e3o? - 60+ TURISMO \/\/","isPartOf":{"@id":"https:\/\/www.60maisturismo.com.br\/v1\/#website"},"datePublished":"2026-04-25T12:51:34+00:00","dateModified":"2026-04-25T12:51:34+00:00","author":{"@id":"https:\/\/www.60maisturismo.com.br\/v1\/#\/schema\/person\/bef96f08865f4227f234c5a355238415"},"description":"A ANC atualizou as regras para o transporte de carregadores port\u00e1teis (powerbanks) em voos, com o objetivo de aumentar a seguran\u00e7a","breadcrumb":{"@id":"https:\/\/www.60maisturismo.com.br\/v1\/2026\/04\/25\/posso-levar-power-banks-no-aviao\/#breadcrumb"},"inLanguage":"pt-BR","potentialAction":[{"@type":"ReadAction","target":["https:\/\/www.60maisturismo.com.br\/v1\/2026\/04\/25\/posso-levar-power-banks-no-aviao\/"]}]},{"@type":"BreadcrumbList","@id":"https:\/\/www.60maisturismo.com.br\/v1\/2026\/04\/25\/posso-levar-power-banks-no-aviao\/#breadcrumb","itemListElement":[{"@type":"ListItem","position":1,"name":"Home","item":"https:\/\/www.60maisturismo.com.br\/v1\/"},{"@type":"ListItem","position":2,"name":"Posso levar power banks no avi\u00e3o?"}]},{"@type":"WebSite","@id":"https:\/\/www.60maisturismo.com.br\/v1\/#website","url":"https:\/\/www.60maisturismo.com.br\/v1\/","name":"60+ TURISMO \/\/","description":"","potentialAction":[{"@type":"SearchAction","target":{"@type":"EntryPoint","urlTemplate":"https:\/\/www.60maisturismo.com.br\/v1\/?s={search_term_string}"},"query-input":"required name=search_term_string"}],"inLanguage":"pt-BR"},{"@type":"Person","@id":"https:\/\/www.60maisturismo.com.br\/v1\/#\/schema\/person\/bef96f08865f4227f234c5a355238415","name":"Reda\u00e7\u00e3o","image":{"@type":"ImageObject","inLanguage":"pt-BR","@id":"https:\/\/www.60maisturismo.com.br\/v1\/#\/schema\/person\/image\/","url":"https:\/\/secure.gravatar.com\/avatar\/26414fc2418fd62c7533a680af5ed73a?s=96&d=mm&r=g","contentUrl":"https:\/\/secure.gravatar.com\/avatar\/26414fc2418fd62c7533a680af5ed73a?s=96&d=mm&r=g","caption":"Reda\u00e7\u00e3o"},"url":"https:\/\/www.60maisturismo.com.br\/v1\/author\/editor\/"}]}},"_links":{"self":[{"href":"https:\/\/www.60maisturismo.com.br\/v1\/wp-json\/wp\/v2\/posts\/9692"}],"collection":[{"href":"https:\/\/www.60maisturismo.com.br\/v1\/wp-json\/wp\/v2\/posts"}],"about":[{"href":"https:\/\/www.60maisturismo.com.br\/v1\/wp-json\/wp\/v2\/types\/post"}],"author":[{"embeddable":true,"href":"https:\/\/www.60maisturismo.com.br\/v1\/wp-json\/wp\/v2\/users\/3"}],"replies":[{"embeddable":true,"href":"https:\/\/www.60maisturismo.com.br\/v1\/wp-json\/wp\/v2\/comments?post=9692"}],"version-history":[{"count":1,"href":"https:\/\/www.60maisturismo.com.br\/v1\/wp-json\/wp\/v2\/posts\/9692\/revisions"}],"predecessor-version":[{"id":9694,"href":"https:\/\/www.60maisturismo.com.br\/v1\/wp-json\/wp\/v2\/posts\/9692\/revisions\/9694"}],"wp:featuredmedia":[{"embeddable":true,"href":"https:\/\/www.60maisturismo.com.br\/v1\/wp-json\/wp\/v2\/media\/9693"}],"wp:attachment":[{"href":"https:\/\/www.60maisturismo.com.br\/v1\/wp-json\/wp\/v2\/media?parent=9692"}],"wp:term":[{"taxonomy":"category","embeddable":true,"href":"https:\/\/www.60maisturismo.com.br\/v1\/wp-json\/wp\/v2\/categories?post=9692"},{"taxonomy":"post_tag","embeddable":true,"href":"https:\/\/www.60maisturismo.com.br\/v1\/wp-json\/wp\/v2\/tags?post=9692"}],"curies":[{"name":"wp","href":"https:\/\/api.w.org\/{rel}","templated":true}]}}