{"id":9689,"date":"2026-04-24T10:20:39","date_gmt":"2026-04-24T13:20:39","guid":{"rendered":"https:\/\/www.60maisturismo.com.br\/v1\/?p=9689"},"modified":"2026-04-24T10:20:39","modified_gmt":"2026-04-24T13:20:39","slug":"mundo-a-vapor-de-canela-em-festa","status":"publish","type":"post","link":"https:\/\/www.60maisturismo.com.br\/v1\/2026\/04\/24\/mundo-a-vapor-de-canela-em-festa\/","title":{"rendered":"Mundo a Vapor de Canela em festa"},"content":{"rendered":"<p>Em Canela, h\u00e1 um ponto da cidade que os visitantes conseguem facilmente visualizar, imponente, marcando o c\u00e9u, trata-se da roda-gigante do Parque <strong>Mundo a Vapor<\/strong>. A atra\u00e7\u00e3o completa dois anos no pr\u00f3ximo domingo, 26 de abril, e j\u00e1 recebeu mais de 250 mil pessoas. Parceria com a Interparques S.A, o empreendimento proporciona lazer, entretenimento e passou a ser refer\u00eancia de cart\u00e3o-postal, n\u00e3o apenas na cidade, mas tamb\u00e9m no estado do Rio Grande do Sul.<\/p>\n<p>&nbsp;<\/p>\n<p>\u201cVista de baixo, ela impressiona. Vista de dentro, emociona. E vista de fora, \u00e0 noite, encanta a cidade inteira.\u201d afirma a CEO do Parque Mundo a Vapor, Lenise Urbani Travi. Lenise destaca que em 2024, quando a roda-gigante come\u00e7ou a girar em Canela, o Parque preparava-se para uma nova fase, com o fechamento do Mundo a Vapor para a maior revitaliza\u00e7\u00e3o da sua hist\u00f3ria, com um investimento de R$ 60 milh\u00f5es. Reinaugurado no \u00faltimo 10 de abril, assumiu de vez o papel de complexo tur\u00edstico na regi\u00e3o da Serra Ga\u00facha, tendo um roteiro guiado em dez novas salas imersivas como novidade. \u201cMais do que apresentar melhorias e lan\u00e7amentos, passamos a oferecer uma jornada completa de experi\u00eancia e a roda-gigante faz parte dessa proposta de valor para os visitantes que agora encontram diferentes formas de se encantar\u201d, acrescenta.<\/p>\n<p>&nbsp;<\/p>\n<p>Com 52 metros de altura e 30 cabines climatizadas para at\u00e9 seis pessoas, a volta da roda-gigante dura cerca de 20 minutos. Ao longo desses dois anos, a experi\u00eancia foi sendo lapidada com cabines tem\u00e1ticas e propostas interativas, deixando o passeio mais divertido. H\u00e1 quem escolha cantar durante o trajeto na cabine karaok\u00ea, uma collab com a Chilli Beans, ou fazer o passeio em cabines inspiradas em universos conhecidos, como o de Harry Potter, ajudando a refor\u00e7ar o car\u00e1ter l\u00fadico sem tirar o protagonismo da vista.<\/p>\n<p>&nbsp;<\/p>\n<p>Do lado de fora, a roda-gigante tamb\u00e9m ganhou outras fun\u00e7\u00f5es. Virou cen\u00e1rio, ponto de encontro e palco. Pedidos de casamento iluminados, ch\u00e1s revela\u00e7\u00e3o que ocupam o c\u00e9u, eventos ao p\u00f4r do sol e celebra\u00e7\u00f5es coletivas passaram a ser realizado. \u00c0 noite, quando os LEDs da roda-gigante entram em cena, a roda deixa de ser apenas uma atra\u00e7\u00e3o do Parque Mundo a Vapor e assume o papel de espet\u00e1culo urbano. \u201c\u00c9 nesse momento que ela mais brilha.\u201d finaliza Lenise.<\/p>\n<p>&nbsp;<\/p>\n<p><strong>Servi\u00e7o<\/strong><\/p>\n<p>Roda-gigante do Parque Mundo a Vapor completa dois anos em 26 de abril<\/p>\n<p>-Ingressos<\/p>\n<p>Vendas on-line: <a href=\"http:\/\/www.mundoavapor.com.br\/\" target=\"_blank\" rel=\"noopener\" data-saferedirecturl=\"https:\/\/www.google.com\/url?q=http:\/\/www.mundoavapor.com.br&amp;source=gmail&amp;ust=1777118815027000&amp;usg=AOvVaw2RIg6aC0X_AALI8mNY2mbN\">www.mundoavapor.com.br<\/a><\/p>\n<p>Vendas bilheteria f\u00edsica: Av. Don Luiz Guanella, 1247 &#8211; Bairro S\u00e3o Jos\u00e9 (Canela\/RS)<\/p>\n","protected":false},"excerpt":{"rendered":"<p>Em Canela, h\u00e1 um ponto da cidade que os visitantes conseguem facilmente visualizar, imponente, marcando o c\u00e9u, trata-se da roda-gigante do Parque Mundo a Vapor. A atra\u00e7\u00e3o completa dois anos no pr\u00f3ximo domingo, 26 de abril, e j\u00e1 recebeu mais de 250 mil pessoas. Parceria com a Interparques S.A, o empreendimento proporciona lazer, entretenimento e &hellip;<\/p>\n","protected":false},"author":3,"featured_media":9690,"comment_status":"closed","ping_status":"closed","sticky":false,"template":"","format":"standard","meta":{"_links_to":"","_links_to_target":""},"categories":[34],"tags":[328,1680,1012,570,147],"yoast_head":"<!-- This site is optimized with the Yoast SEO plugin v20.8 - https:\/\/yoast.com\/wordpress\/plugins\/seo\/ -->\n<title>Mundo a Vapor de Canela em festa - 60+ TURISMO \/\/<\/title>\n<meta name=\"description\" content=\"Com presen\u00e7a marcante no skyline da Serra Ga\u00facha, estrutura que j\u00e1 recebeu 250 mil pessoas impulsiona nova narrativa para o Mundo a Vapor\" \/>\n<meta name=\"robots\" content=\"index, follow, max-snippet:-1, max-image-preview:large, max-video-preview:-1\" \/>\n<link rel=\"canonical\" href=\"https:\/\/www.60maisturismo.com.br\/v1\/2026\/04\/24\/mundo-a-vapor-de-canela-em-festa\/\" \/>\n<meta property=\"og:locale\" content=\"pt_BR\" \/>\n<meta property=\"og:type\" content=\"article\" \/>\n<meta property=\"og:title\" content=\"Mundo a Vapor de Canela em festa - 60+ TURISMO \/\/\" \/>\n<meta property=\"og:description\" content=\"Com presen\u00e7a marcante no skyline da Serra Ga\u00facha, estrutura que j\u00e1 recebeu 250 mil pessoas impulsiona nova narrativa para o Mundo a Vapor\" \/>\n<meta property=\"og:url\" content=\"https:\/\/www.60maisturismo.com.br\/v1\/2026\/04\/24\/mundo-a-vapor-de-canela-em-festa\/\" \/>\n<meta property=\"og:site_name\" content=\"60+ TURISMO \/\/\" \/>\n<meta property=\"article:published_time\" content=\"2026-04-24T13:20:39+00:00\" \/>\n<meta property=\"og:image\" content=\"https:\/\/www.60maisturismo.com.br\/v1\/wp-content\/uploads\/2026\/04\/unnamed-2-2.jpg\" \/>\n\t<meta property=\"og:image:width\" content=\"770\" \/>\n\t<meta property=\"og:image:height\" content=\"513\" \/>\n\t<meta property=\"og:image:type\" content=\"image\/jpeg\" \/>\n<meta name=\"author\" content=\"Reda\u00e7\u00e3o\" \/>\n<meta name=\"twitter:card\" content=\"summary_large_image\" \/>\n<meta name=\"twitter:label1\" content=\"Escrito por\" \/>\n\t<meta name=\"twitter:data1\" content=\"Reda\u00e7\u00e3o\" \/>\n\t<meta name=\"twitter:label2\" content=\"Est. tempo de leitura\" \/>\n\t<meta name=\"twitter:data2\" content=\"3 minutos\" \/>\n<script type=\"application\/ld+json\" class=\"yoast-schema-graph\">{\"@context\":\"https:\/\/schema.org\",\"@graph\":[{\"@type\":\"WebPage\",\"@id\":\"https:\/\/www.60maisturismo.com.br\/v1\/2026\/04\/24\/mundo-a-vapor-de-canela-em-festa\/\",\"url\":\"https:\/\/www.60maisturismo.com.br\/v1\/2026\/04\/24\/mundo-a-vapor-de-canela-em-festa\/\",\"name\":\"Mundo a Vapor de Canela em festa - 60+ TURISMO \/\/\",\"isPartOf\":{\"@id\":\"https:\/\/www.60maisturismo.com.br\/v1\/#website\"},\"datePublished\":\"2026-04-24T13:20:39+00:00\",\"dateModified\":\"2026-04-24T13:20:39+00:00\",\"author\":{\"@id\":\"https:\/\/www.60maisturismo.com.br\/v1\/#\/schema\/person\/bef96f08865f4227f234c5a355238415\"},\"description\":\"Com presen\u00e7a marcante no skyline da Serra Ga\u00facha, estrutura que j\u00e1 recebeu 250 mil pessoas impulsiona nova narrativa para o Mundo a Vapor\",\"breadcrumb\":{\"@id\":\"https:\/\/www.60maisturismo.com.br\/v1\/2026\/04\/24\/mundo-a-vapor-de-canela-em-festa\/#breadcrumb\"},\"inLanguage\":\"pt-BR\",\"potentialAction\":[{\"@type\":\"ReadAction\",\"target\":[\"https:\/\/www.60maisturismo.com.br\/v1\/2026\/04\/24\/mundo-a-vapor-de-canela-em-festa\/\"]}]},{\"@type\":\"BreadcrumbList\",\"@id\":\"https:\/\/www.60maisturismo.com.br\/v1\/2026\/04\/24\/mundo-a-vapor-de-canela-em-festa\/#breadcrumb\",\"itemListElement\":[{\"@type\":\"ListItem\",\"position\":1,\"name\":\"Home\",\"item\":\"https:\/\/www.60maisturismo.com.br\/v1\/\"},{\"@type\":\"ListItem\",\"position\":2,\"name\":\"Mundo a Vapor de Canela em festa\"}]},{\"@type\":\"WebSite\",\"@id\":\"https:\/\/www.60maisturismo.com.br\/v1\/#website\",\"url\":\"https:\/\/www.60maisturismo.com.br\/v1\/\",\"name\":\"60+ TURISMO \/\/\",\"description\":\"\",\"potentialAction\":[{\"@type\":\"SearchAction\",\"target\":{\"@type\":\"EntryPoint\",\"urlTemplate\":\"https:\/\/www.60maisturismo.com.br\/v1\/?s={search_term_string}\"},\"query-input\":\"required name=search_term_string\"}],\"inLanguage\":\"pt-BR\"},{\"@type\":\"Person\",\"@id\":\"https:\/\/www.60maisturismo.com.br\/v1\/#\/schema\/person\/bef96f08865f4227f234c5a355238415\",\"name\":\"Reda\u00e7\u00e3o\",\"image\":{\"@type\":\"ImageObject\",\"inLanguage\":\"pt-BR\",\"@id\":\"https:\/\/www.60maisturismo.com.br\/v1\/#\/schema\/person\/image\/\",\"url\":\"https:\/\/secure.gravatar.com\/avatar\/26414fc2418fd62c7533a680af5ed73a?s=96&d=mm&r=g\",\"contentUrl\":\"https:\/\/secure.gravatar.com\/avatar\/26414fc2418fd62c7533a680af5ed73a?s=96&d=mm&r=g\",\"caption\":\"Reda\u00e7\u00e3o\"},\"url\":\"https:\/\/www.60maisturismo.com.br\/v1\/author\/editor\/\"}]}<\/script>\n<!-- \/ Yoast SEO plugin. -->","yoast_head_json":{"title":"Mundo a Vapor de Canela em festa - 60+ TURISMO \/\/","description":"Com presen\u00e7a marcante no skyline da Serra Ga\u00facha, estrutura que j\u00e1 recebeu 250 mil pessoas impulsiona nova narrativa para o Mundo a Vapor","robots":{"index":"index","follow":"follow","max-snippet":"max-snippet:-1","max-image-preview":"max-image-preview:large","max-video-preview":"max-video-preview:-1"},"canonical":"https:\/\/www.60maisturismo.com.br\/v1\/2026\/04\/24\/mundo-a-vapor-de-canela-em-festa\/","og_locale":"pt_BR","og_type":"article","og_title":"Mundo a Vapor de Canela em festa - 60+ TURISMO \/\/","og_description":"Com presen\u00e7a marcante no skyline da Serra Ga\u00facha, estrutura que j\u00e1 recebeu 250 mil pessoas impulsiona nova narrativa para o Mundo a Vapor","og_url":"https:\/\/www.60maisturismo.com.br\/v1\/2026\/04\/24\/mundo-a-vapor-de-canela-em-festa\/","og_site_name":"60+ TURISMO \/\/","article_published_time":"2026-04-24T13:20:39+00:00","og_image":[{"width":770,"height":513,"url":"https:\/\/www.60maisturismo.com.br\/v1\/wp-content\/uploads\/2026\/04\/unnamed-2-2.jpg","type":"image\/jpeg"}],"author":"Reda\u00e7\u00e3o","twitter_card":"summary_large_image","twitter_misc":{"Escrito por":"Reda\u00e7\u00e3o","Est. tempo de leitura":"3 minutos"},"schema":{"@context":"https:\/\/schema.org","@graph":[{"@type":"WebPage","@id":"https:\/\/www.60maisturismo.com.br\/v1\/2026\/04\/24\/mundo-a-vapor-de-canela-em-festa\/","url":"https:\/\/www.60maisturismo.com.br\/v1\/2026\/04\/24\/mundo-a-vapor-de-canela-em-festa\/","name":"Mundo a Vapor de Canela em festa - 60+ TURISMO \/\/","isPartOf":{"@id":"https:\/\/www.60maisturismo.com.br\/v1\/#website"},"datePublished":"2026-04-24T13:20:39+00:00","dateModified":"2026-04-24T13:20:39+00:00","author":{"@id":"https:\/\/www.60maisturismo.com.br\/v1\/#\/schema\/person\/bef96f08865f4227f234c5a355238415"},"description":"Com presen\u00e7a marcante no skyline da Serra Ga\u00facha, estrutura que j\u00e1 recebeu 250 mil pessoas impulsiona nova narrativa para o Mundo a Vapor","breadcrumb":{"@id":"https:\/\/www.60maisturismo.com.br\/v1\/2026\/04\/24\/mundo-a-vapor-de-canela-em-festa\/#breadcrumb"},"inLanguage":"pt-BR","potentialAction":[{"@type":"ReadAction","target":["https:\/\/www.60maisturismo.com.br\/v1\/2026\/04\/24\/mundo-a-vapor-de-canela-em-festa\/"]}]},{"@type":"BreadcrumbList","@id":"https:\/\/www.60maisturismo.com.br\/v1\/2026\/04\/24\/mundo-a-vapor-de-canela-em-festa\/#breadcrumb","itemListElement":[{"@type":"ListItem","position":1,"name":"Home","item":"https:\/\/www.60maisturismo.com.br\/v1\/"},{"@type":"ListItem","position":2,"name":"Mundo a Vapor de Canela em festa"}]},{"@type":"WebSite","@id":"https:\/\/www.60maisturismo.com.br\/v1\/#website","url":"https:\/\/www.60maisturismo.com.br\/v1\/","name":"60+ TURISMO \/\/","description":"","potentialAction":[{"@type":"SearchAction","target":{"@type":"EntryPoint","urlTemplate":"https:\/\/www.60maisturismo.com.br\/v1\/?s={search_term_string}"},"query-input":"required name=search_term_string"}],"inLanguage":"pt-BR"},{"@type":"Person","@id":"https:\/\/www.60maisturismo.com.br\/v1\/#\/schema\/person\/bef96f08865f4227f234c5a355238415","name":"Reda\u00e7\u00e3o","image":{"@type":"ImageObject","inLanguage":"pt-BR","@id":"https:\/\/www.60maisturismo.com.br\/v1\/#\/schema\/person\/image\/","url":"https:\/\/secure.gravatar.com\/avatar\/26414fc2418fd62c7533a680af5ed73a?s=96&d=mm&r=g","contentUrl":"https:\/\/secure.gravatar.com\/avatar\/26414fc2418fd62c7533a680af5ed73a?s=96&d=mm&r=g","caption":"Reda\u00e7\u00e3o"},"url":"https:\/\/www.60maisturismo.com.br\/v1\/author\/editor\/"}]}},"_links":{"self":[{"href":"https:\/\/www.60maisturismo.com.br\/v1\/wp-json\/wp\/v2\/posts\/9689"}],"collection":[{"href":"https:\/\/www.60maisturismo.com.br\/v1\/wp-json\/wp\/v2\/posts"}],"about":[{"href":"https:\/\/www.60maisturismo.com.br\/v1\/wp-json\/wp\/v2\/types\/post"}],"author":[{"embeddable":true,"href":"https:\/\/www.60maisturismo.com.br\/v1\/wp-json\/wp\/v2\/users\/3"}],"replies":[{"embeddable":true,"href":"https:\/\/www.60maisturismo.com.br\/v1\/wp-json\/wp\/v2\/comments?post=9689"}],"version-history":[{"count":1,"href":"https:\/\/www.60maisturismo.com.br\/v1\/wp-json\/wp\/v2\/posts\/9689\/revisions"}],"predecessor-version":[{"id":9691,"href":"https:\/\/www.60maisturismo.com.br\/v1\/wp-json\/wp\/v2\/posts\/9689\/revisions\/9691"}],"wp:featuredmedia":[{"embeddable":true,"href":"https:\/\/www.60maisturismo.com.br\/v1\/wp-json\/wp\/v2\/media\/9690"}],"wp:attachment":[{"href":"https:\/\/www.60maisturismo.com.br\/v1\/wp-json\/wp\/v2\/media?parent=9689"}],"wp:term":[{"taxonomy":"category","embeddable":true,"href":"https:\/\/www.60maisturismo.com.br\/v1\/wp-json\/wp\/v2\/categories?post=9689"},{"taxonomy":"post_tag","embeddable":true,"href":"https:\/\/www.60maisturismo.com.br\/v1\/wp-json\/wp\/v2\/tags?post=9689"}],"curies":[{"name":"wp","href":"https:\/\/api.w.org\/{rel}","templated":true}]}}