{"id":9603,"date":"2026-04-02T09:23:20","date_gmt":"2026-04-02T12:23:20","guid":{"rendered":"https:\/\/www.60maisturismo.com.br\/v1\/?p=9603"},"modified":"2026-04-02T09:23:20","modified_gmt":"2026-04-02T12:23:20","slug":"a-tap-air-portugal-anuncia-o-lancamento-da-economy-prime","status":"publish","type":"post","link":"https:\/\/www.60maisturismo.com.br\/v1\/2026\/04\/02\/a-tap-air-portugal-anuncia-o-lancamento-da-economy-prime\/","title":{"rendered":"A TAP Air Portugal anuncia o lan\u00e7amento da Economy Prime"},"content":{"rendered":"<p>A <strong>TAP<\/strong> Air Portugal anuncia o lan\u00e7amento da Economy Prime, uma nova cabine de longo curso desenvolvida para oferecer aos Clientes mais espa\u00e7o, mais privacidade e uma experi\u00eancia de viagem superior no segmento Economy. Os voos com a nova cabine Economy Prime ter\u00e3o in\u00edcio em 1 de junho de 2026, e esta cabine est\u00e1 agora dispon\u00edvel para venda em todos os canais da TAP e nas ag\u00eancias de viagens.<\/p>\n<p>A Economy Prime expande a oferta de longo curso da TAP, dando aos viajantes maior escolha entre Economy e Business, estando dispon\u00edvel tanto na frota A330 como na A321LR.<\/p>\n<p>A nova cabine responde \u00e0s tend\u00eancias e evolu\u00e7\u00e3o das viagens, proporcionando bem-estar, efici\u00eancia e amplo espa\u00e7o, combinados com uma jornada mais fluida para o Cliente.<\/p>\n<p>A cabine Economy Prime oferece 12 assentos, localizados imediatamente a seguir \u00e0 Business, dispostos em uma configura\u00e7\u00e3o de quatro lugares por fila. Com o assento do lado sempre livre, essa disposi\u00e7\u00e3o cria um ambiente mais calmo e privado, permitindo que os Passageiros tenham uma experi\u00eancia mais relaxada e confort\u00e1vel durante todo o voo.<\/p>\n<p>A experi\u00eancia Economy Prime come\u00e7a mesmo antes do embarque. Os Passageiros se beneficiam de servi\u00e7os aeroportu\u00e1rios <em>premium <\/em>desenvolvidos para tornar a viagem mais r\u00e1pida, incluindo <em>Check-In Premium<\/em>, manuseio priorit\u00e1rio de bagagem, acesso de seguran\u00e7a <em>Fast Track<\/em>\u00a0e embarque <em>premium<\/em>. Em conjunto, esses elementos contribuem para uma experi\u00eancia de viagem mais fluida de ponta a ponta, desde a chegada ao aeroporto at\u00e9 o destino.<\/p>\n<p>A bordo, a Economy Prime destaca-se pelo servi\u00e7o personalizado e detalhes cuidadosamente selecionados que elevam a experi\u00eancia de viagem. Os Passageiros desfrutam de uma refei\u00e7\u00e3o principal <em>premium <\/em>com duas op\u00e7\u00f5es de pratos quentes, a possibilidade de pr\u00e9-selecionar a refei\u00e7\u00e3o at\u00e9 24 horas antes da partida, um <em>amenity kit<\/em>\u00a0e uma almofada <em>premium<\/em>. Cada elemento foi desenvolvido para proporcionar maior conforto e um maior senso de cuidado.<\/p>\n<p>A Economy Prime tamb\u00e9m oferece valor adicional para viajantes frequentes que procuram flexibilidade e benef\u00edcios adicionais. Isso inclui o ac\u00famulo de mais Milhas B\u00f4nus, a possibilidade de remarcar e condi\u00e7\u00f5es de reembolso melhoradas, proporcionando uma escolha atraente dentro do segmento Economy.<\/p>\n<p>Com o lan\u00e7amento do Economy Prime, a TAP Air Portugal junta-se a um n\u00famero crescente de companhias a\u00e9reas que redefinem a experi\u00eancia Economy atrav\u00e9s de produtos diferenciados que combinam conforto, bem-estar e valor. Essa nova cabine refor\u00e7a o posicionamento competitivo da TAP e reflete o compromisso cont\u00ednuo da companhia a\u00e9rea em colocar o Cliente no centro da sua estrat\u00e9gia.<\/p>\n","protected":false},"excerpt":{"rendered":"<p>A TAP Air Portugal anuncia o lan\u00e7amento da Economy Prime, uma nova cabine de longo curso desenvolvida para oferecer aos Clientes mais espa\u00e7o, mais privacidade e uma experi\u00eancia de viagem superior no segmento Economy. Os voos com a nova cabine Economy Prime ter\u00e3o in\u00edcio em 1 de junho de 2026, e esta cabine est\u00e1 agora &hellip;<\/p>\n","protected":false},"author":3,"featured_media":9604,"comment_status":"closed","ping_status":"closed","sticky":false,"template":"","format":"standard","meta":{"_links_to":"","_links_to_target":""},"categories":[33],"tags":[1636,1646,1644,1645,605],"yoast_head":"<!-- This site is optimized with the Yoast SEO plugin v20.8 - https:\/\/yoast.com\/wordpress\/plugins\/seo\/ -->\n<title>A TAP Air Portugal anuncia o lan\u00e7amento da Economy Prime - 60+ TURISMO \/\/<\/title>\n<meta name=\"description\" content=\"A nova cabine da TAP responde \u00e0s tend\u00eancias e evolu\u00e7\u00e3o das viagens, proporcionando bem-estar, efici\u00eancia e amplo espa\u00e7o, combinados com uma jornada mais fluida para o Cliente.\" \/>\n<meta name=\"robots\" content=\"index, follow, max-snippet:-1, max-image-preview:large, max-video-preview:-1\" \/>\n<link rel=\"canonical\" href=\"https:\/\/www.60maisturismo.com.br\/v1\/2026\/04\/02\/a-tap-air-portugal-anuncia-o-lancamento-da-economy-prime\/\" \/>\n<meta property=\"og:locale\" content=\"pt_BR\" \/>\n<meta property=\"og:type\" content=\"article\" \/>\n<meta property=\"og:title\" content=\"A TAP Air Portugal anuncia o lan\u00e7amento da Economy Prime - 60+ TURISMO \/\/\" \/>\n<meta property=\"og:description\" content=\"A nova cabine da TAP responde \u00e0s tend\u00eancias e evolu\u00e7\u00e3o das viagens, proporcionando bem-estar, efici\u00eancia e amplo espa\u00e7o, combinados com uma jornada mais fluida para o Cliente.\" \/>\n<meta property=\"og:url\" content=\"https:\/\/www.60maisturismo.com.br\/v1\/2026\/04\/02\/a-tap-air-portugal-anuncia-o-lancamento-da-economy-prime\/\" \/>\n<meta property=\"og:site_name\" content=\"60+ TURISMO \/\/\" \/>\n<meta property=\"article:published_time\" content=\"2026-04-02T12:23:20+00:00\" \/>\n<meta property=\"og:image\" content=\"https:\/\/www.60maisturismo.com.br\/v1\/wp-content\/uploads\/2026\/04\/IMG_1828.jpg\" \/>\n\t<meta property=\"og:image:width\" content=\"770\" \/>\n\t<meta property=\"og:image:height\" content=\"433\" \/>\n\t<meta property=\"og:image:type\" content=\"image\/jpeg\" \/>\n<meta name=\"author\" content=\"Reda\u00e7\u00e3o\" \/>\n<meta name=\"twitter:card\" content=\"summary_large_image\" \/>\n<meta name=\"twitter:label1\" content=\"Escrito por\" \/>\n\t<meta name=\"twitter:data1\" content=\"Reda\u00e7\u00e3o\" \/>\n\t<meta name=\"twitter:label2\" content=\"Est. tempo de leitura\" \/>\n\t<meta name=\"twitter:data2\" content=\"3 minutos\" \/>\n<script type=\"application\/ld+json\" class=\"yoast-schema-graph\">{\"@context\":\"https:\/\/schema.org\",\"@graph\":[{\"@type\":\"WebPage\",\"@id\":\"https:\/\/www.60maisturismo.com.br\/v1\/2026\/04\/02\/a-tap-air-portugal-anuncia-o-lancamento-da-economy-prime\/\",\"url\":\"https:\/\/www.60maisturismo.com.br\/v1\/2026\/04\/02\/a-tap-air-portugal-anuncia-o-lancamento-da-economy-prime\/\",\"name\":\"A TAP Air Portugal anuncia o lan\u00e7amento da Economy Prime - 60+ TURISMO \/\/\",\"isPartOf\":{\"@id\":\"https:\/\/www.60maisturismo.com.br\/v1\/#website\"},\"datePublished\":\"2026-04-02T12:23:20+00:00\",\"dateModified\":\"2026-04-02T12:23:20+00:00\",\"author\":{\"@id\":\"https:\/\/www.60maisturismo.com.br\/v1\/#\/schema\/person\/bef96f08865f4227f234c5a355238415\"},\"description\":\"A nova cabine da TAP responde \u00e0s tend\u00eancias e evolu\u00e7\u00e3o das viagens, proporcionando bem-estar, efici\u00eancia e amplo espa\u00e7o, combinados com uma jornada mais fluida para o Cliente.\",\"breadcrumb\":{\"@id\":\"https:\/\/www.60maisturismo.com.br\/v1\/2026\/04\/02\/a-tap-air-portugal-anuncia-o-lancamento-da-economy-prime\/#breadcrumb\"},\"inLanguage\":\"pt-BR\",\"potentialAction\":[{\"@type\":\"ReadAction\",\"target\":[\"https:\/\/www.60maisturismo.com.br\/v1\/2026\/04\/02\/a-tap-air-portugal-anuncia-o-lancamento-da-economy-prime\/\"]}]},{\"@type\":\"BreadcrumbList\",\"@id\":\"https:\/\/www.60maisturismo.com.br\/v1\/2026\/04\/02\/a-tap-air-portugal-anuncia-o-lancamento-da-economy-prime\/#breadcrumb\",\"itemListElement\":[{\"@type\":\"ListItem\",\"position\":1,\"name\":\"Home\",\"item\":\"https:\/\/www.60maisturismo.com.br\/v1\/\"},{\"@type\":\"ListItem\",\"position\":2,\"name\":\"A TAP Air Portugal anuncia o lan\u00e7amento da Economy Prime\"}]},{\"@type\":\"WebSite\",\"@id\":\"https:\/\/www.60maisturismo.com.br\/v1\/#website\",\"url\":\"https:\/\/www.60maisturismo.com.br\/v1\/\",\"name\":\"60+ TURISMO \/\/\",\"description\":\"\",\"potentialAction\":[{\"@type\":\"SearchAction\",\"target\":{\"@type\":\"EntryPoint\",\"urlTemplate\":\"https:\/\/www.60maisturismo.com.br\/v1\/?s={search_term_string}\"},\"query-input\":\"required name=search_term_string\"}],\"inLanguage\":\"pt-BR\"},{\"@type\":\"Person\",\"@id\":\"https:\/\/www.60maisturismo.com.br\/v1\/#\/schema\/person\/bef96f08865f4227f234c5a355238415\",\"name\":\"Reda\u00e7\u00e3o\",\"image\":{\"@type\":\"ImageObject\",\"inLanguage\":\"pt-BR\",\"@id\":\"https:\/\/www.60maisturismo.com.br\/v1\/#\/schema\/person\/image\/\",\"url\":\"https:\/\/secure.gravatar.com\/avatar\/26414fc2418fd62c7533a680af5ed73a?s=96&d=mm&r=g\",\"contentUrl\":\"https:\/\/secure.gravatar.com\/avatar\/26414fc2418fd62c7533a680af5ed73a?s=96&d=mm&r=g\",\"caption\":\"Reda\u00e7\u00e3o\"},\"url\":\"https:\/\/www.60maisturismo.com.br\/v1\/author\/editor\/\"}]}<\/script>\n<!-- \/ Yoast SEO plugin. -->","yoast_head_json":{"title":"A TAP Air Portugal anuncia o lan\u00e7amento da Economy Prime - 60+ TURISMO \/\/","description":"A nova cabine da TAP responde \u00e0s tend\u00eancias e evolu\u00e7\u00e3o das viagens, proporcionando bem-estar, efici\u00eancia e amplo espa\u00e7o, combinados com uma jornada mais fluida para o Cliente.","robots":{"index":"index","follow":"follow","max-snippet":"max-snippet:-1","max-image-preview":"max-image-preview:large","max-video-preview":"max-video-preview:-1"},"canonical":"https:\/\/www.60maisturismo.com.br\/v1\/2026\/04\/02\/a-tap-air-portugal-anuncia-o-lancamento-da-economy-prime\/","og_locale":"pt_BR","og_type":"article","og_title":"A TAP Air Portugal anuncia o lan\u00e7amento da Economy Prime - 60+ TURISMO \/\/","og_description":"A nova cabine da TAP responde \u00e0s tend\u00eancias e evolu\u00e7\u00e3o das viagens, proporcionando bem-estar, efici\u00eancia e amplo espa\u00e7o, combinados com uma jornada mais fluida para o Cliente.","og_url":"https:\/\/www.60maisturismo.com.br\/v1\/2026\/04\/02\/a-tap-air-portugal-anuncia-o-lancamento-da-economy-prime\/","og_site_name":"60+ TURISMO \/\/","article_published_time":"2026-04-02T12:23:20+00:00","og_image":[{"width":770,"height":433,"url":"https:\/\/www.60maisturismo.com.br\/v1\/wp-content\/uploads\/2026\/04\/IMG_1828.jpg","type":"image\/jpeg"}],"author":"Reda\u00e7\u00e3o","twitter_card":"summary_large_image","twitter_misc":{"Escrito por":"Reda\u00e7\u00e3o","Est. tempo de leitura":"3 minutos"},"schema":{"@context":"https:\/\/schema.org","@graph":[{"@type":"WebPage","@id":"https:\/\/www.60maisturismo.com.br\/v1\/2026\/04\/02\/a-tap-air-portugal-anuncia-o-lancamento-da-economy-prime\/","url":"https:\/\/www.60maisturismo.com.br\/v1\/2026\/04\/02\/a-tap-air-portugal-anuncia-o-lancamento-da-economy-prime\/","name":"A TAP Air Portugal anuncia o lan\u00e7amento da Economy Prime - 60+ TURISMO \/\/","isPartOf":{"@id":"https:\/\/www.60maisturismo.com.br\/v1\/#website"},"datePublished":"2026-04-02T12:23:20+00:00","dateModified":"2026-04-02T12:23:20+00:00","author":{"@id":"https:\/\/www.60maisturismo.com.br\/v1\/#\/schema\/person\/bef96f08865f4227f234c5a355238415"},"description":"A nova cabine da TAP responde \u00e0s tend\u00eancias e evolu\u00e7\u00e3o das viagens, proporcionando bem-estar, efici\u00eancia e amplo espa\u00e7o, combinados com uma jornada mais fluida para o Cliente.","breadcrumb":{"@id":"https:\/\/www.60maisturismo.com.br\/v1\/2026\/04\/02\/a-tap-air-portugal-anuncia-o-lancamento-da-economy-prime\/#breadcrumb"},"inLanguage":"pt-BR","potentialAction":[{"@type":"ReadAction","target":["https:\/\/www.60maisturismo.com.br\/v1\/2026\/04\/02\/a-tap-air-portugal-anuncia-o-lancamento-da-economy-prime\/"]}]},{"@type":"BreadcrumbList","@id":"https:\/\/www.60maisturismo.com.br\/v1\/2026\/04\/02\/a-tap-air-portugal-anuncia-o-lancamento-da-economy-prime\/#breadcrumb","itemListElement":[{"@type":"ListItem","position":1,"name":"Home","item":"https:\/\/www.60maisturismo.com.br\/v1\/"},{"@type":"ListItem","position":2,"name":"A TAP Air Portugal anuncia o lan\u00e7amento da Economy Prime"}]},{"@type":"WebSite","@id":"https:\/\/www.60maisturismo.com.br\/v1\/#website","url":"https:\/\/www.60maisturismo.com.br\/v1\/","name":"60+ TURISMO \/\/","description":"","potentialAction":[{"@type":"SearchAction","target":{"@type":"EntryPoint","urlTemplate":"https:\/\/www.60maisturismo.com.br\/v1\/?s={search_term_string}"},"query-input":"required name=search_term_string"}],"inLanguage":"pt-BR"},{"@type":"Person","@id":"https:\/\/www.60maisturismo.com.br\/v1\/#\/schema\/person\/bef96f08865f4227f234c5a355238415","name":"Reda\u00e7\u00e3o","image":{"@type":"ImageObject","inLanguage":"pt-BR","@id":"https:\/\/www.60maisturismo.com.br\/v1\/#\/schema\/person\/image\/","url":"https:\/\/secure.gravatar.com\/avatar\/26414fc2418fd62c7533a680af5ed73a?s=96&d=mm&r=g","contentUrl":"https:\/\/secure.gravatar.com\/avatar\/26414fc2418fd62c7533a680af5ed73a?s=96&d=mm&r=g","caption":"Reda\u00e7\u00e3o"},"url":"https:\/\/www.60maisturismo.com.br\/v1\/author\/editor\/"}]}},"_links":{"self":[{"href":"https:\/\/www.60maisturismo.com.br\/v1\/wp-json\/wp\/v2\/posts\/9603"}],"collection":[{"href":"https:\/\/www.60maisturismo.com.br\/v1\/wp-json\/wp\/v2\/posts"}],"about":[{"href":"https:\/\/www.60maisturismo.com.br\/v1\/wp-json\/wp\/v2\/types\/post"}],"author":[{"embeddable":true,"href":"https:\/\/www.60maisturismo.com.br\/v1\/wp-json\/wp\/v2\/users\/3"}],"replies":[{"embeddable":true,"href":"https:\/\/www.60maisturismo.com.br\/v1\/wp-json\/wp\/v2\/comments?post=9603"}],"version-history":[{"count":1,"href":"https:\/\/www.60maisturismo.com.br\/v1\/wp-json\/wp\/v2\/posts\/9603\/revisions"}],"predecessor-version":[{"id":9605,"href":"https:\/\/www.60maisturismo.com.br\/v1\/wp-json\/wp\/v2\/posts\/9603\/revisions\/9605"}],"wp:featuredmedia":[{"embeddable":true,"href":"https:\/\/www.60maisturismo.com.br\/v1\/wp-json\/wp\/v2\/media\/9604"}],"wp:attachment":[{"href":"https:\/\/www.60maisturismo.com.br\/v1\/wp-json\/wp\/v2\/media?parent=9603"}],"wp:term":[{"taxonomy":"category","embeddable":true,"href":"https:\/\/www.60maisturismo.com.br\/v1\/wp-json\/wp\/v2\/categories?post=9603"},{"taxonomy":"post_tag","embeddable":true,"href":"https:\/\/www.60maisturismo.com.br\/v1\/wp-json\/wp\/v2\/tags?post=9603"}],"curies":[{"name":"wp","href":"https:\/\/api.w.org\/{rel}","templated":true}]}}