{"id":9445,"date":"2026-02-20T10:04:52","date_gmt":"2026-02-20T13:04:52","guid":{"rendered":"https:\/\/www.60maisturismo.com.br\/v1\/?p=9445"},"modified":"2026-02-20T10:05:02","modified_gmt":"2026-02-20T13:05:02","slug":"festa-da-uva-2026-inicia-oficialmente-em-caxias-do-sul","status":"publish","type":"post","link":"https:\/\/www.60maisturismo.com.br\/v1\/2026\/02\/20\/festa-da-uva-2026-inicia-oficialmente-em-caxias-do-sul\/","title":{"rendered":"Festa da Uva 2026 inicia oficialmente em Caxias do Sul"},"content":{"rendered":"<p>Com o tema \u201cFruto de um sonho imigrante\u201d, a 35\u00aa <strong>Festa da Uva<\/strong> foi oficialmente aberta na tarde dessa quinta-feira, dia 19 de fevereiro, no Parque de Eventos M\u00e1rio Bernardino Ramos, em Caxias do Sul (RS). A cerim\u00f4nia reuniu centenas de visitantes, marcando o in\u00edcio de mais uma edi\u00e7\u00e3o do maior evento comunit\u00e1rio do munic\u00edpio.<\/p>\n<p>Participaram da solenidade o presidente em exerc\u00edcio da Rep\u00fablica, Geraldo Alckmin, o governador do Estado do Rio Grande do Sul, Eduardo Leite, o prefeito de Caxias do Sul, Adil\u00f3 Didom\u00eanico, al\u00e9m de secret\u00e1rios municipais e estaduais, vereadores, deputados, representantes de entidades, lideran\u00e7as regionais, patrocinadores e representantes do setor produtivo.<\/p>\n<p>Em seu discurso de abertura, o presidente da Comiss\u00e3o Comunit\u00e1ria, Fernando Bertotto, despedindo-se da presid\u00eancia do evento, destacou a import\u00e2ncia hist\u00f3rica e econ\u00f4mica da Festa da Uva, que completa 95 anos de trajet\u00f3ria. Ele refor\u00e7ou o protagonismo do agricultor e da uva como s\u00edmbolos centrais da identidade local e lembrou que, nessa edi\u00e7\u00e3o, ser\u00e3o distribu\u00eddas 150 toneladas de uva ao longo dos 18 dias de evento, todas adquiridas de produtores de Caxias do Sul. \u201cA for\u00e7a que realmente sustenta esta Festa \u00e9 a de quem participa, colabora e faz acontecer\u201d, afirmou.<\/p>\n<p>A solenidade tamb\u00e9m prestou homenagem \u00e0s gest\u00f5es anteriores da Festa, \u00e0s rainhas, princesas e embaixatrizes de edi\u00e7\u00f5es passadas e ao trio que representa a edi\u00e7\u00e3o 2026, reconhecendo o papel simb\u00f3lico e institucional dessas figuras na proje\u00e7\u00e3o do evento no cen\u00e1rio estadual e nacional.<\/p>\n<p>A presen\u00e7a do presidente em exerc\u00edcio refor\u00e7ou o reconhecimento da Festa da Uva como parte do calend\u00e1rio cultural brasileiro, evidenciando a relev\u00e2ncia hist\u00f3rica da celebra\u00e7\u00e3o, que nasceu da for\u00e7a da imigra\u00e7\u00e3o italiana e se consolidou como vitrine da agricultura, da ind\u00fastria e da cultura da Serra Ga\u00facha.<\/p>\n<p>Em sua fala, o prefeito de Caxias do Sul, Adil\u00f3 Didomenico, refor\u00e7ou o significado hist\u00f3rico e comunit\u00e1rio do evento. \u201cA Festa da Uva nasceu para celebrar o produto e o trabalho de tantos agricultores que s\u00e3o respons\u00e1veis por levar alimento \u00e0 nossa mesa\u201d, destacou, ao lembrar que a Festa mant\u00e9m viva a valoriza\u00e7\u00e3o do agricultor e das fam\u00edlias que constroem a identidade da regi\u00e3o.<\/p>\n<p>A edi\u00e7\u00e3o de 2026 celebra os 150 anos da imigra\u00e7\u00e3o italiana e contar\u00e1 com mais de 400 expositores, expectativa de 700 mil visitantes e programa\u00e7\u00e3o distribu\u00edda ao longo dos 18 dias de evento. Al\u00e9m das exposi\u00e7\u00f5es, a programa\u00e7\u00e3o inclui shows nacionais e regionais, apresenta\u00e7\u00f5es culturais, desfiles c\u00eanico-musicais, gastronomia t\u00edpica, degusta\u00e7\u00f5es orientadas de uvas e vinhos e atra\u00e7\u00f5es para toda a fam\u00edlia, entre outras atividades di\u00e1rias.<\/p>\n<p>A 35\u00aa edi\u00e7\u00e3o da Festa Nacional da Uva \u00e9 realizada com incentivo da Lei Rouanet do Minist\u00e9rio da Cultura do Brasil e financiada pela Lei Pr\u00f3-Cultura, da Secretaria de Estado da Cultura do Rio Grande do Sul. A Festa da Uva 2026 conta com o patroc\u00ednio de HDI Seguros, Banrisul, Marcopolo, RandonCorp, Sicredi Pioneira, Sulg\u00e1s, Supermercados Andreazza, Unimed Serra Ga\u00facha, Vantaj\u00e3o Atacado, Vero e Sulcorte. O evento tem como apoiadores FSG \u2013 Centro Universit\u00e1rio, Fusopar, CSG, Orqu\u00eddea, Sanmartin, Biglia Advocacia, Eaton, Mebrafe, DRSUL Nissan, Susin Francescutti, Ou, Soprano, BRDE, Agrimar, PHD Guindastes, Global Prime Wood, Guinchos Vanin, Weloze, Dallemole Estruturas Met\u00e1licas e Consevitis-RS. A realiza\u00e7\u00e3o da Festa da Uva \u00e9 da Prefeitura Municipal de Caxias do Sul e do Minist\u00e9rio da Cultura \u2013 Governo Federal \u2013 ao lado do povo brasileiro.<\/p>\n<p>&nbsp;<\/p>\n","protected":false},"excerpt":{"rendered":"<p>Com o tema \u201cFruto de um sonho imigrante\u201d, a 35\u00aa Festa da Uva foi oficialmente aberta na tarde dessa quinta-feira, dia 19 de fevereiro, no Parque de Eventos M\u00e1rio Bernardino Ramos, em Caxias do Sul (RS). A cerim\u00f4nia reuniu centenas de visitantes, marcando o in\u00edcio de mais uma edi\u00e7\u00e3o do maior evento comunit\u00e1rio do munic\u00edpio. &hellip;<\/p>\n","protected":false},"author":3,"featured_media":7004,"comment_status":"closed","ping_status":"closed","sticky":false,"template":"","format":"standard","meta":{"_links_to":"","_links_to_target":""},"categories":[32],"tags":[957,738,1291,632,75],"yoast_head":"<!-- This site is optimized with the Yoast SEO plugin v20.8 - https:\/\/yoast.com\/wordpress\/plugins\/seo\/ -->\n<title>Festa da Uva 2026 inicia oficialmente em Caxias do Sul - 60+ TURISMO \/\/<\/title>\n<meta name=\"description\" content=\"A 35\u00aa edi\u00e7\u00e3o da Festa Nacional da Uva ser\u00e1 realizada entre os dias 19 de fevereiro e 8 de mar\u00e7o, em Caxias do Sul\" \/>\n<meta name=\"robots\" content=\"index, follow, max-snippet:-1, max-image-preview:large, max-video-preview:-1\" \/>\n<link rel=\"canonical\" href=\"https:\/\/www.60maisturismo.com.br\/v1\/2026\/02\/20\/festa-da-uva-2026-inicia-oficialmente-em-caxias-do-sul\/\" \/>\n<meta property=\"og:locale\" content=\"pt_BR\" \/>\n<meta property=\"og:type\" content=\"article\" \/>\n<meta property=\"og:title\" content=\"Festa da Uva 2026 inicia oficialmente em Caxias do Sul - 60+ TURISMO \/\/\" \/>\n<meta property=\"og:description\" content=\"A 35\u00aa edi\u00e7\u00e3o da Festa Nacional da Uva ser\u00e1 realizada entre os dias 19 de fevereiro e 8 de mar\u00e7o, em Caxias do Sul\" \/>\n<meta property=\"og:url\" content=\"https:\/\/www.60maisturismo.com.br\/v1\/2026\/02\/20\/festa-da-uva-2026-inicia-oficialmente-em-caxias-do-sul\/\" \/>\n<meta property=\"og:site_name\" content=\"60+ TURISMO \/\/\" \/>\n<meta property=\"article:published_time\" content=\"2026-02-20T13:04:52+00:00\" \/>\n<meta property=\"article:modified_time\" content=\"2026-02-20T13:05:02+00:00\" \/>\n<meta property=\"og:image\" content=\"https:\/\/www.60maisturismo.com.br\/v1\/wp-content\/uploads\/2023\/07\/catena-zapata.jpg\" \/>\n\t<meta property=\"og:image:width\" content=\"770\" \/>\n\t<meta property=\"og:image:height\" content=\"468\" \/>\n\t<meta property=\"og:image:type\" content=\"image\/jpeg\" \/>\n<meta name=\"author\" content=\"Reda\u00e7\u00e3o\" \/>\n<meta name=\"twitter:card\" content=\"summary_large_image\" \/>\n<meta name=\"twitter:label1\" content=\"Escrito por\" \/>\n\t<meta name=\"twitter:data1\" content=\"Reda\u00e7\u00e3o\" \/>\n\t<meta name=\"twitter:label2\" content=\"Est. tempo de leitura\" \/>\n\t<meta name=\"twitter:data2\" content=\"3 minutos\" \/>\n<script type=\"application\/ld+json\" class=\"yoast-schema-graph\">{\"@context\":\"https:\/\/schema.org\",\"@graph\":[{\"@type\":\"WebPage\",\"@id\":\"https:\/\/www.60maisturismo.com.br\/v1\/2026\/02\/20\/festa-da-uva-2026-inicia-oficialmente-em-caxias-do-sul\/\",\"url\":\"https:\/\/www.60maisturismo.com.br\/v1\/2026\/02\/20\/festa-da-uva-2026-inicia-oficialmente-em-caxias-do-sul\/\",\"name\":\"Festa da Uva 2026 inicia oficialmente em Caxias do Sul - 60+ TURISMO \/\/\",\"isPartOf\":{\"@id\":\"https:\/\/www.60maisturismo.com.br\/v1\/#website\"},\"datePublished\":\"2026-02-20T13:04:52+00:00\",\"dateModified\":\"2026-02-20T13:05:02+00:00\",\"author\":{\"@id\":\"https:\/\/www.60maisturismo.com.br\/v1\/#\/schema\/person\/bef96f08865f4227f234c5a355238415\"},\"description\":\"A 35\u00aa edi\u00e7\u00e3o da Festa Nacional da Uva ser\u00e1 realizada entre os dias 19 de fevereiro e 8 de mar\u00e7o, em Caxias do Sul\",\"breadcrumb\":{\"@id\":\"https:\/\/www.60maisturismo.com.br\/v1\/2026\/02\/20\/festa-da-uva-2026-inicia-oficialmente-em-caxias-do-sul\/#breadcrumb\"},\"inLanguage\":\"pt-BR\",\"potentialAction\":[{\"@type\":\"ReadAction\",\"target\":[\"https:\/\/www.60maisturismo.com.br\/v1\/2026\/02\/20\/festa-da-uva-2026-inicia-oficialmente-em-caxias-do-sul\/\"]}]},{\"@type\":\"BreadcrumbList\",\"@id\":\"https:\/\/www.60maisturismo.com.br\/v1\/2026\/02\/20\/festa-da-uva-2026-inicia-oficialmente-em-caxias-do-sul\/#breadcrumb\",\"itemListElement\":[{\"@type\":\"ListItem\",\"position\":1,\"name\":\"Home\",\"item\":\"https:\/\/www.60maisturismo.com.br\/v1\/\"},{\"@type\":\"ListItem\",\"position\":2,\"name\":\"Festa da Uva 2026 inicia oficialmente em Caxias do Sul\"}]},{\"@type\":\"WebSite\",\"@id\":\"https:\/\/www.60maisturismo.com.br\/v1\/#website\",\"url\":\"https:\/\/www.60maisturismo.com.br\/v1\/\",\"name\":\"60+ TURISMO \/\/\",\"description\":\"\",\"potentialAction\":[{\"@type\":\"SearchAction\",\"target\":{\"@type\":\"EntryPoint\",\"urlTemplate\":\"https:\/\/www.60maisturismo.com.br\/v1\/?s={search_term_string}\"},\"query-input\":\"required name=search_term_string\"}],\"inLanguage\":\"pt-BR\"},{\"@type\":\"Person\",\"@id\":\"https:\/\/www.60maisturismo.com.br\/v1\/#\/schema\/person\/bef96f08865f4227f234c5a355238415\",\"name\":\"Reda\u00e7\u00e3o\",\"image\":{\"@type\":\"ImageObject\",\"inLanguage\":\"pt-BR\",\"@id\":\"https:\/\/www.60maisturismo.com.br\/v1\/#\/schema\/person\/image\/\",\"url\":\"https:\/\/secure.gravatar.com\/avatar\/26414fc2418fd62c7533a680af5ed73a?s=96&d=mm&r=g\",\"contentUrl\":\"https:\/\/secure.gravatar.com\/avatar\/26414fc2418fd62c7533a680af5ed73a?s=96&d=mm&r=g\",\"caption\":\"Reda\u00e7\u00e3o\"},\"url\":\"https:\/\/www.60maisturismo.com.br\/v1\/author\/editor\/\"}]}<\/script>\n<!-- \/ Yoast SEO plugin. -->","yoast_head_json":{"title":"Festa da Uva 2026 inicia oficialmente em Caxias do Sul - 60+ TURISMO \/\/","description":"A 35\u00aa edi\u00e7\u00e3o da Festa Nacional da Uva ser\u00e1 realizada entre os dias 19 de fevereiro e 8 de mar\u00e7o, em Caxias do Sul","robots":{"index":"index","follow":"follow","max-snippet":"max-snippet:-1","max-image-preview":"max-image-preview:large","max-video-preview":"max-video-preview:-1"},"canonical":"https:\/\/www.60maisturismo.com.br\/v1\/2026\/02\/20\/festa-da-uva-2026-inicia-oficialmente-em-caxias-do-sul\/","og_locale":"pt_BR","og_type":"article","og_title":"Festa da Uva 2026 inicia oficialmente em Caxias do Sul - 60+ TURISMO \/\/","og_description":"A 35\u00aa edi\u00e7\u00e3o da Festa Nacional da Uva ser\u00e1 realizada entre os dias 19 de fevereiro e 8 de mar\u00e7o, em Caxias do Sul","og_url":"https:\/\/www.60maisturismo.com.br\/v1\/2026\/02\/20\/festa-da-uva-2026-inicia-oficialmente-em-caxias-do-sul\/","og_site_name":"60+ TURISMO \/\/","article_published_time":"2026-02-20T13:04:52+00:00","article_modified_time":"2026-02-20T13:05:02+00:00","og_image":[{"width":770,"height":468,"url":"https:\/\/www.60maisturismo.com.br\/v1\/wp-content\/uploads\/2023\/07\/catena-zapata.jpg","type":"image\/jpeg"}],"author":"Reda\u00e7\u00e3o","twitter_card":"summary_large_image","twitter_misc":{"Escrito por":"Reda\u00e7\u00e3o","Est. tempo de leitura":"3 minutos"},"schema":{"@context":"https:\/\/schema.org","@graph":[{"@type":"WebPage","@id":"https:\/\/www.60maisturismo.com.br\/v1\/2026\/02\/20\/festa-da-uva-2026-inicia-oficialmente-em-caxias-do-sul\/","url":"https:\/\/www.60maisturismo.com.br\/v1\/2026\/02\/20\/festa-da-uva-2026-inicia-oficialmente-em-caxias-do-sul\/","name":"Festa da Uva 2026 inicia oficialmente em Caxias do Sul - 60+ TURISMO \/\/","isPartOf":{"@id":"https:\/\/www.60maisturismo.com.br\/v1\/#website"},"datePublished":"2026-02-20T13:04:52+00:00","dateModified":"2026-02-20T13:05:02+00:00","author":{"@id":"https:\/\/www.60maisturismo.com.br\/v1\/#\/schema\/person\/bef96f08865f4227f234c5a355238415"},"description":"A 35\u00aa edi\u00e7\u00e3o da Festa Nacional da Uva ser\u00e1 realizada entre os dias 19 de fevereiro e 8 de mar\u00e7o, em Caxias do Sul","breadcrumb":{"@id":"https:\/\/www.60maisturismo.com.br\/v1\/2026\/02\/20\/festa-da-uva-2026-inicia-oficialmente-em-caxias-do-sul\/#breadcrumb"},"inLanguage":"pt-BR","potentialAction":[{"@type":"ReadAction","target":["https:\/\/www.60maisturismo.com.br\/v1\/2026\/02\/20\/festa-da-uva-2026-inicia-oficialmente-em-caxias-do-sul\/"]}]},{"@type":"BreadcrumbList","@id":"https:\/\/www.60maisturismo.com.br\/v1\/2026\/02\/20\/festa-da-uva-2026-inicia-oficialmente-em-caxias-do-sul\/#breadcrumb","itemListElement":[{"@type":"ListItem","position":1,"name":"Home","item":"https:\/\/www.60maisturismo.com.br\/v1\/"},{"@type":"ListItem","position":2,"name":"Festa da Uva 2026 inicia oficialmente em Caxias do Sul"}]},{"@type":"WebSite","@id":"https:\/\/www.60maisturismo.com.br\/v1\/#website","url":"https:\/\/www.60maisturismo.com.br\/v1\/","name":"60+ TURISMO \/\/","description":"","potentialAction":[{"@type":"SearchAction","target":{"@type":"EntryPoint","urlTemplate":"https:\/\/www.60maisturismo.com.br\/v1\/?s={search_term_string}"},"query-input":"required name=search_term_string"}],"inLanguage":"pt-BR"},{"@type":"Person","@id":"https:\/\/www.60maisturismo.com.br\/v1\/#\/schema\/person\/bef96f08865f4227f234c5a355238415","name":"Reda\u00e7\u00e3o","image":{"@type":"ImageObject","inLanguage":"pt-BR","@id":"https:\/\/www.60maisturismo.com.br\/v1\/#\/schema\/person\/image\/","url":"https:\/\/secure.gravatar.com\/avatar\/26414fc2418fd62c7533a680af5ed73a?s=96&d=mm&r=g","contentUrl":"https:\/\/secure.gravatar.com\/avatar\/26414fc2418fd62c7533a680af5ed73a?s=96&d=mm&r=g","caption":"Reda\u00e7\u00e3o"},"url":"https:\/\/www.60maisturismo.com.br\/v1\/author\/editor\/"}]}},"_links":{"self":[{"href":"https:\/\/www.60maisturismo.com.br\/v1\/wp-json\/wp\/v2\/posts\/9445"}],"collection":[{"href":"https:\/\/www.60maisturismo.com.br\/v1\/wp-json\/wp\/v2\/posts"}],"about":[{"href":"https:\/\/www.60maisturismo.com.br\/v1\/wp-json\/wp\/v2\/types\/post"}],"author":[{"embeddable":true,"href":"https:\/\/www.60maisturismo.com.br\/v1\/wp-json\/wp\/v2\/users\/3"}],"replies":[{"embeddable":true,"href":"https:\/\/www.60maisturismo.com.br\/v1\/wp-json\/wp\/v2\/comments?post=9445"}],"version-history":[{"count":1,"href":"https:\/\/www.60maisturismo.com.br\/v1\/wp-json\/wp\/v2\/posts\/9445\/revisions"}],"predecessor-version":[{"id":9446,"href":"https:\/\/www.60maisturismo.com.br\/v1\/wp-json\/wp\/v2\/posts\/9445\/revisions\/9446"}],"wp:featuredmedia":[{"embeddable":true,"href":"https:\/\/www.60maisturismo.com.br\/v1\/wp-json\/wp\/v2\/media\/7004"}],"wp:attachment":[{"href":"https:\/\/www.60maisturismo.com.br\/v1\/wp-json\/wp\/v2\/media?parent=9445"}],"wp:term":[{"taxonomy":"category","embeddable":true,"href":"https:\/\/www.60maisturismo.com.br\/v1\/wp-json\/wp\/v2\/categories?post=9445"},{"taxonomy":"post_tag","embeddable":true,"href":"https:\/\/www.60maisturismo.com.br\/v1\/wp-json\/wp\/v2\/tags?post=9445"}],"curies":[{"name":"wp","href":"https:\/\/api.w.org\/{rel}","templated":true}]}}