{"id":9206,"date":"2026-01-13T16:45:20","date_gmt":"2026-01-13T19:45:20","guid":{"rendered":"https:\/\/www.60maisturismo.com.br\/v1\/?p=9206"},"modified":"2026-01-13T16:45:20","modified_gmt":"2026-01-13T19:45:20","slug":"grand-hyatt-rio-de-janeiro-entra-no-clima","status":"publish","type":"post","link":"https:\/\/www.60maisturismo.com.br\/v1\/2026\/01\/13\/grand-hyatt-rio-de-janeiro-entra-no-clima\/","title":{"rendered":"Grand Hyatt Rio de Janeiro entra no clima"},"content":{"rendered":"<div>\n<p><span lang=\"PT-BR\">Prestes a completar 10 anos, o <strong>Grand Hyatt Rio<\/strong> de Janeiro, resort urbano localizado entre o mar e a lagoa, antecipa as festividades de Momo com dois eventos tem\u00e1ticos.\u00a0<\/span><\/p>\n<\/div>\n<div>\n<p><span lang=\"PT-BR\">No dia 31 de janeiro, uma das agremia\u00e7\u00f5es mais tradicionais do Brasil, nove vezes campe\u00e3 do carnaval carioca, o Salgueiro, comanda a feijoada pr\u00e9-carnaval do hotel.\u00a0<\/span><span lang=\"PT-BR\">A\u00a0<\/span><span lang=\"PT-BR\">Bateria Furiosa\u00a0<\/span><span lang=\"PT-BR\">e os passistas da escola s\u00e3o presen\u00e7a mais do que confirmada na festa<\/span><span lang=\"PT-BR\">, que conta ainda com uma roda de samba.\u00a0<\/span><\/p>\n<\/div>\n<div>\n<p><span lang=\"PT-BR\">A feijoada\u00a0<\/span><span lang=\"PT-BR\">completa, que acontece das 13h \u00e0s 17h, \u00e9 servida com todos os acompanhamentos cl\u00e1ssicos, sele\u00e7\u00e3o de queijos e antepastos, petiscos variados, esta\u00e7\u00e3o de saladas e mesa especial de sobremesas assinada pela chef\u00a0p\u00e2tissier\u00a0Paula Lopes. H\u00e1 ainda a vers\u00e3o vegana do prato, feita com feij\u00e3o branco, lingui\u00e7a apimentada de soja, calabresa de soja, prote\u00edna de soja, bacon vegano e cogumelos, com op\u00e7\u00f5es de acompanhamentos\u00a0<\/span><span lang=\"PT-BR\">que seguem a mesma linha sem nada de origem animal<\/span><span lang=\"PT-BR\">, como a couve com castanha-do-par\u00e1 e a farofa de banana-da-terra. No cap\u00edtulo das bebidas, soft drinks, chopp, caipirinha,\u00a0caipvodka,\u00a0aperol\u00a0<wbr \/>spritz\u00a0e gin t\u00f4nica est\u00e3o inclusos (adultos R$ 440 | adolescente de 13 a 17 anos R$ 330 | crian\u00e7as de 06 a 12 anos R$ 220 | menores de 05 anos R$ 50).\u00a0<\/span><span lang=\"PT-BR\">A customiza\u00e7\u00e3o de abad\u00e1s poder\u00e1 ser feita das 11h \u00e0s 16h, no dia 31.<\/span><\/p>\n<\/div>\n<div>\n<p><span lang=\"PT-BR\">Ainda no clima carnavalesco, no dia 08 de fevereiro \u00e9 a vez da crian\u00e7ada cair no samba com o Bailinho de Carnaval,\u00a0<\/span><span lang=\"PT-BR\">com brunch infantil, recrea\u00e7\u00e3o e bandinha tocando marchinhas carnavalescas.\u00a0<\/span><span lang=\"PT-BR\">\u00a0<\/span><\/p>\n<\/div>\n<div>\n<p><span lang=\"PT-BR\">Das 13h \u00e0s 16h, o buffet, comandado pelo chef de banquetes Carlos Volker e pela chef\u00a0p\u00e2tissier\u00a0Paula Lopes, oferece op\u00e7\u00f5es de caf\u00e9 da manh\u00e3, queijos, frios, saladas e pratos grelhados, al\u00e9m de esta\u00e7\u00f5es ao vivo e infantil com pizza e mini-hamb\u00fargueres<\/span><span lang=\"PT-BR\">. \u00c1gua saborizada e suco do dia ser\u00e3o servidos \u00e0 vontade, al\u00e9m de espumante (1\u00ba lote: R$ 385, por adulto | adolescentes de 13 a 17 anos pagam R$ 288,75; crian\u00e7as de 6 a 12 anos pagam R$ 192,50 | menores de 5 anos R$ 50).<\/span><\/p>\n<\/div>\n<div>\n<p><span lang=\"PT-BR\">Os eventos s\u00e3o abertos a n\u00e3o h\u00f3spedes. \u00c9 necess\u00e1rio reservar antecipadamente atrav\u00e9s do\u00a0<\/span><a href=\"https:\/\/www.pacoteshyatt.com.br\/rio-de-janeiro\/carnaval\/\" target=\"_blank\" rel=\"noreferrer noopener\" data-saferedirecturl=\"https:\/\/www.google.com\/url?q=https:\/\/www.pacoteshyatt.com.br\/rio-de-janeiro\/carnaval\/&amp;source=gmail&amp;ust=1768417596031000&amp;usg=AOvVaw0GgKPKS-i-zu6BPl7XhzOu\"><span lang=\"PT-BR\">link<\/span><\/a><span lang=\"PT-BR\">.\u202f\u202f<\/span><\/p>\n<\/div>\n<div>\n<p><span lang=\"PT-BR\">\u00a0<\/span><\/p>\n<\/div>\n<div>\n<p><span lang=\"PT-BR\">Grand Hyatt Rio de Janeiro<\/span><span lang=\"PT-BR\">\u202f\u202f\u202f\u00a0<\/span><\/p>\n<\/div>\n<div>\n<p><span lang=\"PT-BR\">Av. L\u00facio Costa, 9600 &#8211; Barra da Tijuca, Rio de Janeiro &#8211; RJ, 22795-007\u202f\u202f\u202f\u00a0<\/span><\/p>\n<\/div>\n<div>\n<p><span lang=\"PT-BR\">Reservas para a feijoada: (21) 3797-9524\u202f|\u00a0<\/span><a href=\"mailto:RIOGH-hostesses@hyatt.com\" target=\"_blank\" rel=\"noreferrer noopener\"><span lang=\"PT-BR\">RIOGH-hostesses@<wbr \/>hyatt.com<\/span><\/a><span lang=\"PT-BR\">\u202f\u00a0<\/span><br \/>\n<span lang=\"PT-BR\">\u202f\u00a0<\/span><br \/>\n<a href=\"https:\/\/www.pacoteshyatt.com.br\/rio-de-janeiro\/product\/feijoada-de-carnaval\/\" target=\"_blank\" rel=\"noreferrer noopener\" data-saferedirecturl=\"https:\/\/www.google.com\/url?q=https:\/\/www.pacoteshyatt.com.br\/rio-de-janeiro\/product\/feijoada-de-carnaval\/&amp;source=gmail&amp;ust=1768417596031000&amp;usg=AOvVaw2hl_w1oWT3XqKC7Qf1nQU0\"><span lang=\"PT-BR\">Feijoada Pr\u00e9-Carnaval &#8211; Pacotes Grand Hyatt Rio de Janeiro<\/span><\/a><\/p>\n<\/div>\n<div>\n<p><a href=\"https:\/\/www.pacoteshyatt.com.br\/rio-de-janeiro\/product\/brunch-infantil\/\" target=\"_blank\" rel=\"noreferrer noopener\" data-saferedirecturl=\"https:\/\/www.google.com\/url?q=https:\/\/www.pacoteshyatt.com.br\/rio-de-janeiro\/product\/brunch-infantil\/&amp;source=gmail&amp;ust=1768417596031000&amp;usg=AOvVaw3TaAUek2j2w-32sS5ePQYn\"><span lang=\"PT-BR\">Brunch Infantil: Bailinho de Carnaval<\/span><\/a><\/p>\n<\/div>\n","protected":false},"excerpt":{"rendered":"<p>Prestes a completar 10 anos, o Grand Hyatt Rio de Janeiro, resort urbano localizado entre o mar e a lagoa, antecipa as festividades de Momo com dois eventos tem\u00e1ticos.\u00a0 No dia 31 de janeiro, uma das agremia\u00e7\u00f5es mais tradicionais do Brasil, nove vezes campe\u00e3 do carnaval carioca, o Salgueiro, comanda a feijoada pr\u00e9-carnaval do hotel.\u00a0A\u00a0Bateria &hellip;<\/p>\n","protected":false},"author":3,"featured_media":9207,"comment_status":"closed","ping_status":"closed","sticky":false,"template":"","format":"standard","meta":{"_links_to":"","_links_to_target":""},"categories":[1],"tags":[471,1464,220],"yoast_head":"<!-- This site is optimized with the Yoast SEO plugin v20.8 - https:\/\/yoast.com\/wordpress\/plugins\/seo\/ -->\n<title>Grand Hyatt Rio de Janeiro entra no clima - 60+ TURISMO \/\/<\/title>\n<meta name=\"description\" content=\"O Grand Hyatt Rio de Janeiro ter\u00e1 sua tradicional Feijoada de pr\u00e9-carnaval no dia 31 de janeiro. Este ano, o hotel recebe a bateria do Salgueiro\" \/>\n<meta name=\"robots\" content=\"index, follow, max-snippet:-1, max-image-preview:large, max-video-preview:-1\" \/>\n<link rel=\"canonical\" href=\"https:\/\/www.60maisturismo.com.br\/v1\/2026\/01\/13\/grand-hyatt-rio-de-janeiro-entra-no-clima\/\" \/>\n<meta property=\"og:locale\" content=\"pt_BR\" \/>\n<meta property=\"og:type\" content=\"article\" \/>\n<meta property=\"og:title\" content=\"Grand Hyatt Rio de Janeiro entra no clima - 60+ TURISMO \/\/\" \/>\n<meta property=\"og:description\" content=\"O Grand Hyatt Rio de Janeiro ter\u00e1 sua tradicional Feijoada de pr\u00e9-carnaval no dia 31 de janeiro. Este ano, o hotel recebe a bateria do Salgueiro\" \/>\n<meta property=\"og:url\" content=\"https:\/\/www.60maisturismo.com.br\/v1\/2026\/01\/13\/grand-hyatt-rio-de-janeiro-entra-no-clima\/\" \/>\n<meta property=\"og:site_name\" content=\"60+ TURISMO \/\/\" \/>\n<meta property=\"article:published_time\" content=\"2026-01-13T19:45:20+00:00\" \/>\n<meta property=\"og:image\" content=\"https:\/\/www.60maisturismo.com.br\/v1\/wp-content\/uploads\/2026\/01\/IMG_1518.jpg\" \/>\n\t<meta property=\"og:image:width\" content=\"770\" \/>\n\t<meta property=\"og:image:height\" content=\"513\" \/>\n\t<meta property=\"og:image:type\" content=\"image\/jpeg\" \/>\n<meta name=\"author\" content=\"Reda\u00e7\u00e3o\" \/>\n<meta name=\"twitter:card\" content=\"summary_large_image\" \/>\n<meta name=\"twitter:label1\" content=\"Escrito por\" \/>\n\t<meta name=\"twitter:data1\" content=\"Reda\u00e7\u00e3o\" \/>\n\t<meta name=\"twitter:label2\" content=\"Est. tempo de leitura\" \/>\n\t<meta name=\"twitter:data2\" content=\"3 minutos\" \/>\n<script type=\"application\/ld+json\" class=\"yoast-schema-graph\">{\"@context\":\"https:\/\/schema.org\",\"@graph\":[{\"@type\":\"WebPage\",\"@id\":\"https:\/\/www.60maisturismo.com.br\/v1\/2026\/01\/13\/grand-hyatt-rio-de-janeiro-entra-no-clima\/\",\"url\":\"https:\/\/www.60maisturismo.com.br\/v1\/2026\/01\/13\/grand-hyatt-rio-de-janeiro-entra-no-clima\/\",\"name\":\"Grand Hyatt Rio de Janeiro entra no clima - 60+ TURISMO \/\/\",\"isPartOf\":{\"@id\":\"https:\/\/www.60maisturismo.com.br\/v1\/#website\"},\"datePublished\":\"2026-01-13T19:45:20+00:00\",\"dateModified\":\"2026-01-13T19:45:20+00:00\",\"author\":{\"@id\":\"https:\/\/www.60maisturismo.com.br\/v1\/#\/schema\/person\/bef96f08865f4227f234c5a355238415\"},\"description\":\"O Grand Hyatt Rio de Janeiro ter\u00e1 sua tradicional Feijoada de pr\u00e9-carnaval no dia 31 de janeiro. Este ano, o hotel recebe a bateria do Salgueiro\",\"breadcrumb\":{\"@id\":\"https:\/\/www.60maisturismo.com.br\/v1\/2026\/01\/13\/grand-hyatt-rio-de-janeiro-entra-no-clima\/#breadcrumb\"},\"inLanguage\":\"pt-BR\",\"potentialAction\":[{\"@type\":\"ReadAction\",\"target\":[\"https:\/\/www.60maisturismo.com.br\/v1\/2026\/01\/13\/grand-hyatt-rio-de-janeiro-entra-no-clima\/\"]}]},{\"@type\":\"BreadcrumbList\",\"@id\":\"https:\/\/www.60maisturismo.com.br\/v1\/2026\/01\/13\/grand-hyatt-rio-de-janeiro-entra-no-clima\/#breadcrumb\",\"itemListElement\":[{\"@type\":\"ListItem\",\"position\":1,\"name\":\"Home\",\"item\":\"https:\/\/www.60maisturismo.com.br\/v1\/\"},{\"@type\":\"ListItem\",\"position\":2,\"name\":\"Grand Hyatt Rio de Janeiro entra no clima\"}]},{\"@type\":\"WebSite\",\"@id\":\"https:\/\/www.60maisturismo.com.br\/v1\/#website\",\"url\":\"https:\/\/www.60maisturismo.com.br\/v1\/\",\"name\":\"60+ TURISMO \/\/\",\"description\":\"\",\"potentialAction\":[{\"@type\":\"SearchAction\",\"target\":{\"@type\":\"EntryPoint\",\"urlTemplate\":\"https:\/\/www.60maisturismo.com.br\/v1\/?s={search_term_string}\"},\"query-input\":\"required name=search_term_string\"}],\"inLanguage\":\"pt-BR\"},{\"@type\":\"Person\",\"@id\":\"https:\/\/www.60maisturismo.com.br\/v1\/#\/schema\/person\/bef96f08865f4227f234c5a355238415\",\"name\":\"Reda\u00e7\u00e3o\",\"image\":{\"@type\":\"ImageObject\",\"inLanguage\":\"pt-BR\",\"@id\":\"https:\/\/www.60maisturismo.com.br\/v1\/#\/schema\/person\/image\/\",\"url\":\"https:\/\/secure.gravatar.com\/avatar\/26414fc2418fd62c7533a680af5ed73a?s=96&d=mm&r=g\",\"contentUrl\":\"https:\/\/secure.gravatar.com\/avatar\/26414fc2418fd62c7533a680af5ed73a?s=96&d=mm&r=g\",\"caption\":\"Reda\u00e7\u00e3o\"},\"url\":\"https:\/\/www.60maisturismo.com.br\/v1\/author\/editor\/\"}]}<\/script>\n<!-- \/ Yoast SEO plugin. -->","yoast_head_json":{"title":"Grand Hyatt Rio de Janeiro entra no clima - 60+ TURISMO \/\/","description":"O Grand Hyatt Rio de Janeiro ter\u00e1 sua tradicional Feijoada de pr\u00e9-carnaval no dia 31 de janeiro. Este ano, o hotel recebe a bateria do Salgueiro","robots":{"index":"index","follow":"follow","max-snippet":"max-snippet:-1","max-image-preview":"max-image-preview:large","max-video-preview":"max-video-preview:-1"},"canonical":"https:\/\/www.60maisturismo.com.br\/v1\/2026\/01\/13\/grand-hyatt-rio-de-janeiro-entra-no-clima\/","og_locale":"pt_BR","og_type":"article","og_title":"Grand Hyatt Rio de Janeiro entra no clima - 60+ TURISMO \/\/","og_description":"O Grand Hyatt Rio de Janeiro ter\u00e1 sua tradicional Feijoada de pr\u00e9-carnaval no dia 31 de janeiro. Este ano, o hotel recebe a bateria do Salgueiro","og_url":"https:\/\/www.60maisturismo.com.br\/v1\/2026\/01\/13\/grand-hyatt-rio-de-janeiro-entra-no-clima\/","og_site_name":"60+ TURISMO \/\/","article_published_time":"2026-01-13T19:45:20+00:00","og_image":[{"width":770,"height":513,"url":"https:\/\/www.60maisturismo.com.br\/v1\/wp-content\/uploads\/2026\/01\/IMG_1518.jpg","type":"image\/jpeg"}],"author":"Reda\u00e7\u00e3o","twitter_card":"summary_large_image","twitter_misc":{"Escrito por":"Reda\u00e7\u00e3o","Est. tempo de leitura":"3 minutos"},"schema":{"@context":"https:\/\/schema.org","@graph":[{"@type":"WebPage","@id":"https:\/\/www.60maisturismo.com.br\/v1\/2026\/01\/13\/grand-hyatt-rio-de-janeiro-entra-no-clima\/","url":"https:\/\/www.60maisturismo.com.br\/v1\/2026\/01\/13\/grand-hyatt-rio-de-janeiro-entra-no-clima\/","name":"Grand Hyatt Rio de Janeiro entra no clima - 60+ TURISMO \/\/","isPartOf":{"@id":"https:\/\/www.60maisturismo.com.br\/v1\/#website"},"datePublished":"2026-01-13T19:45:20+00:00","dateModified":"2026-01-13T19:45:20+00:00","author":{"@id":"https:\/\/www.60maisturismo.com.br\/v1\/#\/schema\/person\/bef96f08865f4227f234c5a355238415"},"description":"O Grand Hyatt Rio de Janeiro ter\u00e1 sua tradicional Feijoada de pr\u00e9-carnaval no dia 31 de janeiro. Este ano, o hotel recebe a bateria do Salgueiro","breadcrumb":{"@id":"https:\/\/www.60maisturismo.com.br\/v1\/2026\/01\/13\/grand-hyatt-rio-de-janeiro-entra-no-clima\/#breadcrumb"},"inLanguage":"pt-BR","potentialAction":[{"@type":"ReadAction","target":["https:\/\/www.60maisturismo.com.br\/v1\/2026\/01\/13\/grand-hyatt-rio-de-janeiro-entra-no-clima\/"]}]},{"@type":"BreadcrumbList","@id":"https:\/\/www.60maisturismo.com.br\/v1\/2026\/01\/13\/grand-hyatt-rio-de-janeiro-entra-no-clima\/#breadcrumb","itemListElement":[{"@type":"ListItem","position":1,"name":"Home","item":"https:\/\/www.60maisturismo.com.br\/v1\/"},{"@type":"ListItem","position":2,"name":"Grand Hyatt Rio de Janeiro entra no clima"}]},{"@type":"WebSite","@id":"https:\/\/www.60maisturismo.com.br\/v1\/#website","url":"https:\/\/www.60maisturismo.com.br\/v1\/","name":"60+ TURISMO \/\/","description":"","potentialAction":[{"@type":"SearchAction","target":{"@type":"EntryPoint","urlTemplate":"https:\/\/www.60maisturismo.com.br\/v1\/?s={search_term_string}"},"query-input":"required name=search_term_string"}],"inLanguage":"pt-BR"},{"@type":"Person","@id":"https:\/\/www.60maisturismo.com.br\/v1\/#\/schema\/person\/bef96f08865f4227f234c5a355238415","name":"Reda\u00e7\u00e3o","image":{"@type":"ImageObject","inLanguage":"pt-BR","@id":"https:\/\/www.60maisturismo.com.br\/v1\/#\/schema\/person\/image\/","url":"https:\/\/secure.gravatar.com\/avatar\/26414fc2418fd62c7533a680af5ed73a?s=96&d=mm&r=g","contentUrl":"https:\/\/secure.gravatar.com\/avatar\/26414fc2418fd62c7533a680af5ed73a?s=96&d=mm&r=g","caption":"Reda\u00e7\u00e3o"},"url":"https:\/\/www.60maisturismo.com.br\/v1\/author\/editor\/"}]}},"_links":{"self":[{"href":"https:\/\/www.60maisturismo.com.br\/v1\/wp-json\/wp\/v2\/posts\/9206"}],"collection":[{"href":"https:\/\/www.60maisturismo.com.br\/v1\/wp-json\/wp\/v2\/posts"}],"about":[{"href":"https:\/\/www.60maisturismo.com.br\/v1\/wp-json\/wp\/v2\/types\/post"}],"author":[{"embeddable":true,"href":"https:\/\/www.60maisturismo.com.br\/v1\/wp-json\/wp\/v2\/users\/3"}],"replies":[{"embeddable":true,"href":"https:\/\/www.60maisturismo.com.br\/v1\/wp-json\/wp\/v2\/comments?post=9206"}],"version-history":[{"count":1,"href":"https:\/\/www.60maisturismo.com.br\/v1\/wp-json\/wp\/v2\/posts\/9206\/revisions"}],"predecessor-version":[{"id":9208,"href":"https:\/\/www.60maisturismo.com.br\/v1\/wp-json\/wp\/v2\/posts\/9206\/revisions\/9208"}],"wp:featuredmedia":[{"embeddable":true,"href":"https:\/\/www.60maisturismo.com.br\/v1\/wp-json\/wp\/v2\/media\/9207"}],"wp:attachment":[{"href":"https:\/\/www.60maisturismo.com.br\/v1\/wp-json\/wp\/v2\/media?parent=9206"}],"wp:term":[{"taxonomy":"category","embeddable":true,"href":"https:\/\/www.60maisturismo.com.br\/v1\/wp-json\/wp\/v2\/categories?post=9206"},{"taxonomy":"post_tag","embeddable":true,"href":"https:\/\/www.60maisturismo.com.br\/v1\/wp-json\/wp\/v2\/tags?post=9206"}],"curies":[{"name":"wp","href":"https:\/\/api.w.org\/{rel}","templated":true}]}}