{"id":8050,"date":"2025-05-04T09:29:57","date_gmt":"2025-05-04T12:29:57","guid":{"rendered":"https:\/\/www.60maisturismo.com.br\/v1\/?p=8050"},"modified":"2025-05-04T09:30:34","modified_gmt":"2025-05-04T12:30:34","slug":"conheca-a-rota-dos-capiteis","status":"publish","type":"post","link":"https:\/\/www.60maisturismo.com.br\/v1\/2025\/05\/04\/conheca-a-rota-dos-capiteis\/","title":{"rendered":"Conhe\u00e7a a Rota dos Capit\u00e9is"},"content":{"rendered":"<p>S\u00edmbolo m\u00e1ximo da sustenta\u00e7\u00e3o dos imigrantes nas novas terras, a f\u00e9 que os moveu diante dos desafios tamb\u00e9m se transformou em dos mais marcantes tra\u00e7os culturais identit\u00e1rios da Serra ga\u00facha. Cento e cinquenta anos depois da chegada dos colonizadores, esse elemento indissoci\u00e1vel da imigra\u00e7\u00e3o italiana manifesta toda sua expressividade com a inaugura\u00e7\u00e3o do roteiro tur\u00edstico &#8216;<strong>Rota dos Capit\u00e9is<\/strong> &#8211; Caminhos da Imigra\u00e7\u00e3o e da F\u00e9&#8217;.<\/p>\n<p>A iniciativa que envolve 10 munic\u00edpios da regi\u00e3o, e vem sendo constru\u00edda desde 2020 sob a coordena\u00e7\u00e3o do Centro da Ind\u00fastria, Com\u00e9rcio e Servi\u00e7os de Bento Gon\u00e7alves (CIC-BG), celebra a inaugura\u00e7\u00e3o da sinaliza\u00e7\u00e3o da rota regional \u2013 uma das duas que comp\u00f5em o roteiro \u2013, em solenidade que ocorre no dia 06 de maio, ter\u00e7a-feira, em Monte Belo Sul.<\/p>\n<p>Concebido como uma grande confraterniza\u00e7\u00e3o e demonstra\u00e7\u00e3o dos h\u00e1bitos cultivados pelos descendentes, o ato ocorrer\u00e1 na Capela Santo Ant\u00f4nio, na Linha 80 da Leopoldina, \u00e0s 10h, e dever\u00e1 contar com a presen\u00e7a do embaixador da It\u00e1lia no Brasil, Alessandro Cortese, al\u00e9m de autoridades da microrregi\u00e3o. &#8220;Esse projeto \u00e9 um verdadeiro marco para toda a Serra, sendo um orgulho dar in\u00edcio a ele dentro das comemora\u00e7\u00f5es dos 150 anos da imigra\u00e7\u00e3o. A Rota dos Capit\u00e9is \u00e9 a valoriza\u00e7\u00e3o de um rico legado religioso que baseou a constru\u00e7\u00e3o de nossas sociedades na regi\u00e3o, sendo a simbologia da cren\u00e7a em dias melhores e em mais esperan\u00e7a, e motivo da uni\u00e3o entre os imigrantes. Essa mesma unidade permeou esse projeto de integra\u00e7\u00e3o regional, que tamb\u00e9m \u00e9 um verdadeiro manifesto dos la\u00e7os que mant\u00eam viva a irmandade entre ga\u00fachos e italianos, celebrando uma conex\u00e3o que para sempre nos unir\u00e1&#8221;, comenta Marijane Paese, presidente do Conselho Superior do CIC-BG.<\/p>\n<p>A inaugura\u00e7\u00e3o da Rota dos Capit\u00e9is festeja, justamente no ano que abarca as comemora\u00e7\u00f5es do sesquicenten\u00e1rio da imigra\u00e7\u00e3o italiana no Rio Grande do Sul, todo legado cultural herdado do povo que emigrou para a Serra a fim de escrever uma nova hist\u00f3ria para suas vidas. Por isso, \u00e9 tratado como um acontecimento em honra \u00e0 mem\u00f3ria e \u00e0 preserva\u00e7\u00e3o dessa heran\u00e7a. Cada um dos 10 munic\u00edpios envolvidos \u2013 Bento Gon\u00e7alves, Boa Vista do Sul, Carlos Barbosa, Coronel Pilar, Farroupilha, Garibaldi, Imigrante, Monte Belo do Sul, Pinto Bandeira e Santa Tereza \u2013 preparou uma acolhida para demonstrar, por meio da enogastronomia e de atividades culturais, como esse esp\u00f3lio est\u00e1 entranhado na origem de seus povos.<\/p>\n<p>Produtos agroindustriais como os queijos de Carlos Barbosa, o capeletti de Coronel Pilar, o salame de Boa Vista do Sul, a bolacha de melado de Imigrante, o grostoli de Garibaldi, al\u00e9m da importante economia da fruticultura da regi\u00e3o, exemplificada pelos caquis e ma\u00e7\u00e3s de Pinto Bandeira, se juntam a manifesta\u00e7\u00f5es art\u00edsticas e do saber fazer. \u00c9 o caso dos coros de Santa Tereza, dos grupos culturais de Monte Belo do Sul, que tamb\u00e9m colocar\u00e1 polenta \u00e0 mesa e da demonstra\u00e7\u00e3o de dressa de Bento Gon\u00e7alves e dos atrativos de Farroupilha. V\u00e1rias delas tamb\u00e9m levar\u00e3o suas soberanas \u00e0 festividade, pensada para demonstrar o quanto a italianidade permeia o cotidiano desses munic\u00edpios. A solenidade tamb\u00e9m marcar\u00e1 o lan\u00e7amento do site oficial da Rota dos Capit\u00e9is, uma importante ferramenta de aproxima\u00e7\u00e3o e informa\u00e7\u00e3o a respeito da nova op\u00e7\u00e3o em turismo religioso na Serra.<\/p>\n<p>&nbsp;<\/p>\n<p><strong>Roteiro contempla 468 constru\u00e7\u00f5es<\/strong><\/p>\n<p>A Rota dos Capit\u00e9is est\u00e1 ancorada em dois grandes roteiros, passando por capit\u00e9is, igrejas, capelas e grutas, concebidos para serem percorridos de distintas formas \u2013 caminhada, bicicleta ou ve\u00edculos. A regional come\u00e7a por Bento Gon\u00e7alves, na Igreja Santo Ant\u00f4nio, considerada o in\u00edcio e o final do trajeto e passa por \u00e1reas rurais e urbanas de cada um dos 10 munic\u00edpios. Ao todo, s\u00e3o 15 trechos para caminhantes que totalizam 330 quil\u00f4metros. H\u00e1, ainda, outros 10 para ciclistas que somam 350 quil\u00f4metros. Todos foram desenvolvidos conforme normas ABNT\/ISO\/CONTRAN. Al\u00e9m desse, h\u00e1 a rota circular, cuja inaugura\u00e7\u00e3o \u00e9 prevista para dezembro deste ano, com 64 trechos, abrangendo o m\u00e1ximo do territ\u00f3rio de cada um dos 10 munic\u00edpios e totalizando 2.367 quil\u00f4metros \u2013 similar \u00e0 dist\u00e2ncia entre Bento Gon\u00e7alves e Caravelas, na Bahia. Desse total, 533 quil\u00f4metros s\u00e3o de rotas para caminhadas. Outros 772 quil\u00f4metros s\u00e3o para rotas de cicloturismo, e 1.063 quil\u00f4metros para rotas de ve\u00edculos.<\/p>\n<p>A concep\u00e7\u00e3o do projeto se baseia em tr\u00eas livros que destacam como os antigos moradores da regi\u00e3o homenageavam seus santos por meio da constru\u00e7\u00e3o de templos. Dois deles s\u00e3o de autoria do jornalista Fabiano Mazzoti. &#8220;O Livro do Capitel&#8221;, com o mapeamento dos capit\u00e9is erigidos no territ\u00f3rio da antiga Col\u00f4nia Dona Isabel, hoje representada por Bento Gon\u00e7alves, Monte Belo do Sul, Pinto Bandeira e Santa Tereza, e &#8220;Am\u00e9m, Bento Gon\u00e7alves &#8211; Igrejas e capelas desta terra&#8221;. O outro \u00e9 &#8220;Perto das Estrelas&#8221;, um trabalho do Circulo Trentino di Garibaldi que tra\u00e7a a exist\u00eancia dos pequenos santu\u00e1rios na antiga Col\u00f4nia Conde D&#8217;Eu \u2013 hoje Garibaldi \u2013, al\u00e9m de Carlos Barbosa e outros munic\u00edpios. Ao todo, s\u00e3o 468 constru\u00e7\u00f5es religiosas (252 capit\u00e9is, 175 capelas, 23 grutas, 16 igrejas e duas ermidas) mapeadas e que est\u00e3o recebendo sinaliza\u00e7\u00e3o indicativa, com pain\u00e9is trazendo informa\u00e7\u00f5es sobre cada um deles. O roteiro prev\u00ea 16 esta\u00e7\u00f5es de apoio localizadas entre os munic\u00edpios, voltadas para hidrata\u00e7\u00e3o, informa\u00e7\u00f5es t\u00e9cnicas, biciclet\u00e1rio e totem de manuten\u00e7\u00e3o para bicicletas.<\/p>\n<p>A &#8216;Rota dos Capit\u00e9is &#8211; Caminhos da Imigra\u00e7\u00e3o e da F\u00e9&#8217; \u00e9 capitaneada pelo CIC-BG, de forma conjunta com os dez munic\u00edpios envolvidos, e tem o patroc\u00ednio de Banrisul, Rio Grande Seguros e Previd\u00eancia, Sicredi e Deputado Estadual Guilherme Pasin, por meio de emenda parlamentar. O projeto tamb\u00e9m tem o apoio da Mitra Diocesana de Caxias do Sul, do Sebrae e do CISGA.<\/p>\n","protected":false},"excerpt":{"rendered":"<p>S\u00edmbolo m\u00e1ximo da sustenta\u00e7\u00e3o dos imigrantes nas novas terras, a f\u00e9 que os moveu diante dos desafios tamb\u00e9m se transformou em dos mais marcantes tra\u00e7os culturais identit\u00e1rios da Serra ga\u00facha. Cento e cinquenta anos depois da chegada dos colonizadores, esse elemento indissoci\u00e1vel da imigra\u00e7\u00e3o italiana manifesta toda sua expressividade com a inaugura\u00e7\u00e3o do roteiro tur\u00edstico &hellip;<\/p>\n","protected":false},"author":3,"featured_media":8051,"comment_status":"closed","ping_status":"closed","sticky":false,"template":"","format":"standard","meta":{"_links_to":"","_links_to_target":""},"categories":[32],"tags":[316,648,886,598,147],"yoast_head":"<!-- This site is optimized with the Yoast SEO plugin v20.8 - https:\/\/yoast.com\/wordpress\/plugins\/seo\/ -->\n<title>Conhe\u00e7a a Rota dos Capit\u00e9is - 60+ TURISMO \/\/<\/title>\n<meta name=\"description\" content=\"A imigra\u00e7\u00e3o italiana manifesta toda sua expressividade com a inaugura\u00e7\u00e3o do roteiro tur\u00edstico &#039;Rota dos Capit\u00e9is - Caminhos da Imigra\u00e7\u00e3o e da F\u00e9&#039;.\" \/>\n<meta name=\"robots\" content=\"index, follow, max-snippet:-1, max-image-preview:large, max-video-preview:-1\" \/>\n<link rel=\"canonical\" href=\"https:\/\/www.60maisturismo.com.br\/v1\/2025\/05\/04\/conheca-a-rota-dos-capiteis\/\" \/>\n<meta property=\"og:locale\" content=\"pt_BR\" \/>\n<meta property=\"og:type\" content=\"article\" \/>\n<meta property=\"og:title\" content=\"Conhe\u00e7a a Rota dos Capit\u00e9is - 60+ TURISMO \/\/\" \/>\n<meta property=\"og:description\" content=\"A imigra\u00e7\u00e3o italiana manifesta toda sua expressividade com a inaugura\u00e7\u00e3o do roteiro tur\u00edstico &#039;Rota dos Capit\u00e9is - Caminhos da Imigra\u00e7\u00e3o e da F\u00e9&#039;.\" \/>\n<meta property=\"og:url\" content=\"https:\/\/www.60maisturismo.com.br\/v1\/2025\/05\/04\/conheca-a-rota-dos-capiteis\/\" \/>\n<meta property=\"og:site_name\" content=\"60+ TURISMO \/\/\" \/>\n<meta property=\"article:published_time\" content=\"2025-05-04T12:29:57+00:00\" \/>\n<meta property=\"article:modified_time\" content=\"2025-05-04T12:30:34+00:00\" \/>\n<meta property=\"og:image\" content=\"https:\/\/www.60maisturismo.com.br\/v1\/wp-content\/uploads\/2025\/05\/Bento-Goncalves-Credito-Fabian-2.jpg\" \/>\n\t<meta property=\"og:image:width\" content=\"770\" \/>\n\t<meta property=\"og:image:height\" content=\"513\" \/>\n\t<meta property=\"og:image:type\" content=\"image\/jpeg\" \/>\n<meta name=\"author\" content=\"Reda\u00e7\u00e3o\" \/>\n<meta name=\"twitter:card\" content=\"summary_large_image\" \/>\n<meta name=\"twitter:label1\" content=\"Escrito por\" \/>\n\t<meta name=\"twitter:data1\" content=\"Reda\u00e7\u00e3o\" \/>\n\t<meta name=\"twitter:label2\" content=\"Est. tempo de leitura\" \/>\n\t<meta name=\"twitter:data2\" content=\"6 minutos\" \/>\n<script type=\"application\/ld+json\" class=\"yoast-schema-graph\">{\"@context\":\"https:\/\/schema.org\",\"@graph\":[{\"@type\":\"WebPage\",\"@id\":\"https:\/\/www.60maisturismo.com.br\/v1\/2025\/05\/04\/conheca-a-rota-dos-capiteis\/\",\"url\":\"https:\/\/www.60maisturismo.com.br\/v1\/2025\/05\/04\/conheca-a-rota-dos-capiteis\/\",\"name\":\"Conhe\u00e7a a Rota dos Capit\u00e9is - 60+ TURISMO \/\/\",\"isPartOf\":{\"@id\":\"https:\/\/www.60maisturismo.com.br\/v1\/#website\"},\"datePublished\":\"2025-05-04T12:29:57+00:00\",\"dateModified\":\"2025-05-04T12:30:34+00:00\",\"author\":{\"@id\":\"https:\/\/www.60maisturismo.com.br\/v1\/#\/schema\/person\/bef96f08865f4227f234c5a355238415\"},\"description\":\"A imigra\u00e7\u00e3o italiana manifesta toda sua expressividade com a inaugura\u00e7\u00e3o do roteiro tur\u00edstico 'Rota dos Capit\u00e9is - Caminhos da Imigra\u00e7\u00e3o e da F\u00e9'.\",\"breadcrumb\":{\"@id\":\"https:\/\/www.60maisturismo.com.br\/v1\/2025\/05\/04\/conheca-a-rota-dos-capiteis\/#breadcrumb\"},\"inLanguage\":\"pt-BR\",\"potentialAction\":[{\"@type\":\"ReadAction\",\"target\":[\"https:\/\/www.60maisturismo.com.br\/v1\/2025\/05\/04\/conheca-a-rota-dos-capiteis\/\"]}]},{\"@type\":\"BreadcrumbList\",\"@id\":\"https:\/\/www.60maisturismo.com.br\/v1\/2025\/05\/04\/conheca-a-rota-dos-capiteis\/#breadcrumb\",\"itemListElement\":[{\"@type\":\"ListItem\",\"position\":1,\"name\":\"Home\",\"item\":\"https:\/\/www.60maisturismo.com.br\/v1\/\"},{\"@type\":\"ListItem\",\"position\":2,\"name\":\"Conhe\u00e7a a Rota dos Capit\u00e9is\"}]},{\"@type\":\"WebSite\",\"@id\":\"https:\/\/www.60maisturismo.com.br\/v1\/#website\",\"url\":\"https:\/\/www.60maisturismo.com.br\/v1\/\",\"name\":\"60+ TURISMO \/\/\",\"description\":\"\",\"potentialAction\":[{\"@type\":\"SearchAction\",\"target\":{\"@type\":\"EntryPoint\",\"urlTemplate\":\"https:\/\/www.60maisturismo.com.br\/v1\/?s={search_term_string}\"},\"query-input\":\"required name=search_term_string\"}],\"inLanguage\":\"pt-BR\"},{\"@type\":\"Person\",\"@id\":\"https:\/\/www.60maisturismo.com.br\/v1\/#\/schema\/person\/bef96f08865f4227f234c5a355238415\",\"name\":\"Reda\u00e7\u00e3o\",\"image\":{\"@type\":\"ImageObject\",\"inLanguage\":\"pt-BR\",\"@id\":\"https:\/\/www.60maisturismo.com.br\/v1\/#\/schema\/person\/image\/\",\"url\":\"https:\/\/secure.gravatar.com\/avatar\/26414fc2418fd62c7533a680af5ed73a?s=96&d=mm&r=g\",\"contentUrl\":\"https:\/\/secure.gravatar.com\/avatar\/26414fc2418fd62c7533a680af5ed73a?s=96&d=mm&r=g\",\"caption\":\"Reda\u00e7\u00e3o\"},\"url\":\"https:\/\/www.60maisturismo.com.br\/v1\/author\/editor\/\"}]}<\/script>\n<!-- \/ Yoast SEO plugin. -->","yoast_head_json":{"title":"Conhe\u00e7a a Rota dos Capit\u00e9is - 60+ TURISMO \/\/","description":"A imigra\u00e7\u00e3o italiana manifesta toda sua expressividade com a inaugura\u00e7\u00e3o do roteiro tur\u00edstico 'Rota dos Capit\u00e9is - Caminhos da Imigra\u00e7\u00e3o e da F\u00e9'.","robots":{"index":"index","follow":"follow","max-snippet":"max-snippet:-1","max-image-preview":"max-image-preview:large","max-video-preview":"max-video-preview:-1"},"canonical":"https:\/\/www.60maisturismo.com.br\/v1\/2025\/05\/04\/conheca-a-rota-dos-capiteis\/","og_locale":"pt_BR","og_type":"article","og_title":"Conhe\u00e7a a Rota dos Capit\u00e9is - 60+ TURISMO \/\/","og_description":"A imigra\u00e7\u00e3o italiana manifesta toda sua expressividade com a inaugura\u00e7\u00e3o do roteiro tur\u00edstico 'Rota dos Capit\u00e9is - Caminhos da Imigra\u00e7\u00e3o e da F\u00e9'.","og_url":"https:\/\/www.60maisturismo.com.br\/v1\/2025\/05\/04\/conheca-a-rota-dos-capiteis\/","og_site_name":"60+ TURISMO \/\/","article_published_time":"2025-05-04T12:29:57+00:00","article_modified_time":"2025-05-04T12:30:34+00:00","og_image":[{"width":770,"height":513,"url":"https:\/\/www.60maisturismo.com.br\/v1\/wp-content\/uploads\/2025\/05\/Bento-Goncalves-Credito-Fabian-2.jpg","type":"image\/jpeg"}],"author":"Reda\u00e7\u00e3o","twitter_card":"summary_large_image","twitter_misc":{"Escrito por":"Reda\u00e7\u00e3o","Est. tempo de leitura":"6 minutos"},"schema":{"@context":"https:\/\/schema.org","@graph":[{"@type":"WebPage","@id":"https:\/\/www.60maisturismo.com.br\/v1\/2025\/05\/04\/conheca-a-rota-dos-capiteis\/","url":"https:\/\/www.60maisturismo.com.br\/v1\/2025\/05\/04\/conheca-a-rota-dos-capiteis\/","name":"Conhe\u00e7a a Rota dos Capit\u00e9is - 60+ TURISMO \/\/","isPartOf":{"@id":"https:\/\/www.60maisturismo.com.br\/v1\/#website"},"datePublished":"2025-05-04T12:29:57+00:00","dateModified":"2025-05-04T12:30:34+00:00","author":{"@id":"https:\/\/www.60maisturismo.com.br\/v1\/#\/schema\/person\/bef96f08865f4227f234c5a355238415"},"description":"A imigra\u00e7\u00e3o italiana manifesta toda sua expressividade com a inaugura\u00e7\u00e3o do roteiro tur\u00edstico 'Rota dos Capit\u00e9is - Caminhos da Imigra\u00e7\u00e3o e da F\u00e9'.","breadcrumb":{"@id":"https:\/\/www.60maisturismo.com.br\/v1\/2025\/05\/04\/conheca-a-rota-dos-capiteis\/#breadcrumb"},"inLanguage":"pt-BR","potentialAction":[{"@type":"ReadAction","target":["https:\/\/www.60maisturismo.com.br\/v1\/2025\/05\/04\/conheca-a-rota-dos-capiteis\/"]}]},{"@type":"BreadcrumbList","@id":"https:\/\/www.60maisturismo.com.br\/v1\/2025\/05\/04\/conheca-a-rota-dos-capiteis\/#breadcrumb","itemListElement":[{"@type":"ListItem","position":1,"name":"Home","item":"https:\/\/www.60maisturismo.com.br\/v1\/"},{"@type":"ListItem","position":2,"name":"Conhe\u00e7a a Rota dos Capit\u00e9is"}]},{"@type":"WebSite","@id":"https:\/\/www.60maisturismo.com.br\/v1\/#website","url":"https:\/\/www.60maisturismo.com.br\/v1\/","name":"60+ TURISMO \/\/","description":"","potentialAction":[{"@type":"SearchAction","target":{"@type":"EntryPoint","urlTemplate":"https:\/\/www.60maisturismo.com.br\/v1\/?s={search_term_string}"},"query-input":"required name=search_term_string"}],"inLanguage":"pt-BR"},{"@type":"Person","@id":"https:\/\/www.60maisturismo.com.br\/v1\/#\/schema\/person\/bef96f08865f4227f234c5a355238415","name":"Reda\u00e7\u00e3o","image":{"@type":"ImageObject","inLanguage":"pt-BR","@id":"https:\/\/www.60maisturismo.com.br\/v1\/#\/schema\/person\/image\/","url":"https:\/\/secure.gravatar.com\/avatar\/26414fc2418fd62c7533a680af5ed73a?s=96&d=mm&r=g","contentUrl":"https:\/\/secure.gravatar.com\/avatar\/26414fc2418fd62c7533a680af5ed73a?s=96&d=mm&r=g","caption":"Reda\u00e7\u00e3o"},"url":"https:\/\/www.60maisturismo.com.br\/v1\/author\/editor\/"}]}},"_links":{"self":[{"href":"https:\/\/www.60maisturismo.com.br\/v1\/wp-json\/wp\/v2\/posts\/8050"}],"collection":[{"href":"https:\/\/www.60maisturismo.com.br\/v1\/wp-json\/wp\/v2\/posts"}],"about":[{"href":"https:\/\/www.60maisturismo.com.br\/v1\/wp-json\/wp\/v2\/types\/post"}],"author":[{"embeddable":true,"href":"https:\/\/www.60maisturismo.com.br\/v1\/wp-json\/wp\/v2\/users\/3"}],"replies":[{"embeddable":true,"href":"https:\/\/www.60maisturismo.com.br\/v1\/wp-json\/wp\/v2\/comments?post=8050"}],"version-history":[{"count":1,"href":"https:\/\/www.60maisturismo.com.br\/v1\/wp-json\/wp\/v2\/posts\/8050\/revisions"}],"predecessor-version":[{"id":8052,"href":"https:\/\/www.60maisturismo.com.br\/v1\/wp-json\/wp\/v2\/posts\/8050\/revisions\/8052"}],"wp:featuredmedia":[{"embeddable":true,"href":"https:\/\/www.60maisturismo.com.br\/v1\/wp-json\/wp\/v2\/media\/8051"}],"wp:attachment":[{"href":"https:\/\/www.60maisturismo.com.br\/v1\/wp-json\/wp\/v2\/media?parent=8050"}],"wp:term":[{"taxonomy":"category","embeddable":true,"href":"https:\/\/www.60maisturismo.com.br\/v1\/wp-json\/wp\/v2\/categories?post=8050"},{"taxonomy":"post_tag","embeddable":true,"href":"https:\/\/www.60maisturismo.com.br\/v1\/wp-json\/wp\/v2\/tags?post=8050"}],"curies":[{"name":"wp","href":"https:\/\/api.w.org\/{rel}","templated":true}]}}