{"id":7973,"date":"2025-03-31T10:15:42","date_gmt":"2025-03-31T13:15:42","guid":{"rendered":"https:\/\/www.60maisturismo.com.br\/v1\/?p=7973"},"modified":"2025-03-31T10:15:42","modified_gmt":"2025-03-31T13:15:42","slug":"5-atrativos-em-monte-verde","status":"publish","type":"post","link":"https:\/\/www.60maisturismo.com.br\/v1\/2025\/03\/31\/5-atrativos-em-monte-verde\/","title":{"rendered":"5 atrativos em Monte Verde"},"content":{"rendered":"<p>O outono transforma <strong>Monte Verde<\/strong>, em Minas Gerais, em um cen\u00e1rio ainda mais especial, com temperaturas amenas, folhas douradas e um clima perfeito para passeios ao ar livre e momentos rom\u00e2nticos. A esta\u00e7\u00e3o \u00e9 ideal para quem busca tranquilidade, j\u00e1 que a cidade fica menos movimentada do que no inverno, permitindo aproveitar suas belezas naturais e atra\u00e7\u00f5es sem grandes aglomera\u00e7\u00f5es. Al\u00e9m disso, os dias ensolarados e as noites frescas criam o ambiente perfeito para degustar a gastronomia local e relaxar em uma hospedagem acolhedora.<\/p>\n<p>Confira abaixo cinco atra\u00e7\u00f5es imperd\u00edveis no outono do distrito:<\/p>\n<p><strong><em>Trilha da Pedra Redonda<\/em><\/strong> \u2013 Com uma vista panor\u00e2mica deslumbrante, a trilha leva os visitantes a um dos pontos mais altos de Monte Verde. No outono, a vegeta\u00e7\u00e3o exibe tons quentes que tornam a paisagem ainda mais bonita.<\/p>\n<p><strong><em>Passeio de quadriciclo<\/em><\/strong> \u2013 Uma excelente op\u00e7\u00e3o para explorar as montanhas e os caminhos de terra da regi\u00e3o, aproveitando o clima ameno da esta\u00e7\u00e3o para uma aventura ao ar livre.<\/p>\n<p><strong><em>Patina\u00e7\u00e3o no gelo<\/em><\/strong> \u2013 Para quem deseja uma atividade diferenciada, a pista de patina\u00e7\u00e3o em Monte Verde oferece divers\u00e3o para todas as idades, combinando perfeitamente com as temperaturas frescas da esta\u00e7\u00e3o.<\/p>\n<p><strong><em>Tour gastron\u00f4mico<\/em><\/strong> \u2013 Nada combina mais com o outono do que degustar fondues, chocolates artesanais e vinhos da regi\u00e3o. Restaurantes e caf\u00e9s oferecem op\u00e7\u00f5es aconchegantes para aquecer os dias mais frios.<\/p>\n<p><strong><em>Fazenda Radical<\/em><\/strong> \u2013 Ideal para quem gosta de aventura, a fazenda oferece atividades como arvorismo, tirolesa e passeios \u00e0 cavalo em meio \u00e0 natureza.<\/p>\n","protected":false},"excerpt":{"rendered":"<p>O outono transforma Monte Verde, em Minas Gerais, em um cen\u00e1rio ainda mais especial, com temperaturas amenas, folhas douradas e um clima perfeito para passeios ao ar livre e momentos rom\u00e2nticos. A esta\u00e7\u00e3o \u00e9 ideal para quem busca tranquilidade, j\u00e1 que a cidade fica menos movimentada do que no inverno, permitindo aproveitar suas belezas naturais &hellip;<\/p>\n","protected":false},"author":3,"featured_media":7975,"comment_status":"closed","ping_status":"closed","sticky":false,"template":"","format":"standard","meta":{"_links_to":"","_links_to_target":""},"categories":[60],"tags":[428,310,309,846,69],"yoast_head":"<!-- This site is optimized with the Yoast SEO plugin v20.8 - https:\/\/yoast.com\/wordpress\/plugins\/seo\/ -->\n<title>5 atrativos em Monte Verde - 60+ TURISMO \/\/<\/title>\n<meta name=\"description\" content=\"O outono transforma Monte Verde em um cen\u00e1rio ainda mais especial, com temperaturas amenas, folhas douradas e um clima perfeito\" \/>\n<meta name=\"robots\" content=\"index, follow, max-snippet:-1, max-image-preview:large, max-video-preview:-1\" \/>\n<link rel=\"canonical\" href=\"https:\/\/www.60maisturismo.com.br\/v1\/2025\/03\/31\/5-atrativos-em-monte-verde\/\" \/>\n<meta property=\"og:locale\" content=\"pt_BR\" \/>\n<meta property=\"og:type\" content=\"article\" \/>\n<meta property=\"og:title\" content=\"5 atrativos em Monte Verde - 60+ TURISMO \/\/\" \/>\n<meta property=\"og:description\" content=\"O outono transforma Monte Verde em um cen\u00e1rio ainda mais especial, com temperaturas amenas, folhas douradas e um clima perfeito\" \/>\n<meta property=\"og:url\" content=\"https:\/\/www.60maisturismo.com.br\/v1\/2025\/03\/31\/5-atrativos-em-monte-verde\/\" \/>\n<meta property=\"og:site_name\" content=\"60+ TURISMO \/\/\" \/>\n<meta property=\"article:published_time\" content=\"2025-03-31T13:15:42+00:00\" \/>\n<meta property=\"og:image\" content=\"https:\/\/www.60maisturismo.com.br\/v1\/wp-content\/uploads\/2025\/03\/IMG_0490.jpeg\" \/>\n\t<meta property=\"og:image:width\" content=\"770\" \/>\n\t<meta property=\"og:image:height\" content=\"385\" \/>\n\t<meta property=\"og:image:type\" content=\"image\/jpeg\" \/>\n<meta name=\"author\" content=\"Reda\u00e7\u00e3o\" \/>\n<meta name=\"twitter:card\" content=\"summary_large_image\" \/>\n<meta name=\"twitter:label1\" content=\"Escrito por\" \/>\n\t<meta name=\"twitter:data1\" content=\"Reda\u00e7\u00e3o\" \/>\n\t<meta name=\"twitter:label2\" content=\"Est. tempo de leitura\" \/>\n\t<meta name=\"twitter:data2\" content=\"2 minutos\" \/>\n<script type=\"application\/ld+json\" class=\"yoast-schema-graph\">{\"@context\":\"https:\/\/schema.org\",\"@graph\":[{\"@type\":\"WebPage\",\"@id\":\"https:\/\/www.60maisturismo.com.br\/v1\/2025\/03\/31\/5-atrativos-em-monte-verde\/\",\"url\":\"https:\/\/www.60maisturismo.com.br\/v1\/2025\/03\/31\/5-atrativos-em-monte-verde\/\",\"name\":\"5 atrativos em Monte Verde - 60+ TURISMO \/\/\",\"isPartOf\":{\"@id\":\"https:\/\/www.60maisturismo.com.br\/v1\/#website\"},\"datePublished\":\"2025-03-31T13:15:42+00:00\",\"dateModified\":\"2025-03-31T13:15:42+00:00\",\"author\":{\"@id\":\"https:\/\/www.60maisturismo.com.br\/v1\/#\/schema\/person\/bef96f08865f4227f234c5a355238415\"},\"description\":\"O outono transforma Monte Verde em um cen\u00e1rio ainda mais especial, com temperaturas amenas, folhas douradas e um clima perfeito\",\"breadcrumb\":{\"@id\":\"https:\/\/www.60maisturismo.com.br\/v1\/2025\/03\/31\/5-atrativos-em-monte-verde\/#breadcrumb\"},\"inLanguage\":\"pt-BR\",\"potentialAction\":[{\"@type\":\"ReadAction\",\"target\":[\"https:\/\/www.60maisturismo.com.br\/v1\/2025\/03\/31\/5-atrativos-em-monte-verde\/\"]}]},{\"@type\":\"BreadcrumbList\",\"@id\":\"https:\/\/www.60maisturismo.com.br\/v1\/2025\/03\/31\/5-atrativos-em-monte-verde\/#breadcrumb\",\"itemListElement\":[{\"@type\":\"ListItem\",\"position\":1,\"name\":\"Home\",\"item\":\"https:\/\/www.60maisturismo.com.br\/v1\/\"},{\"@type\":\"ListItem\",\"position\":2,\"name\":\"5 atrativos em Monte Verde\"}]},{\"@type\":\"WebSite\",\"@id\":\"https:\/\/www.60maisturismo.com.br\/v1\/#website\",\"url\":\"https:\/\/www.60maisturismo.com.br\/v1\/\",\"name\":\"60+ TURISMO \/\/\",\"description\":\"\",\"potentialAction\":[{\"@type\":\"SearchAction\",\"target\":{\"@type\":\"EntryPoint\",\"urlTemplate\":\"https:\/\/www.60maisturismo.com.br\/v1\/?s={search_term_string}\"},\"query-input\":\"required name=search_term_string\"}],\"inLanguage\":\"pt-BR\"},{\"@type\":\"Person\",\"@id\":\"https:\/\/www.60maisturismo.com.br\/v1\/#\/schema\/person\/bef96f08865f4227f234c5a355238415\",\"name\":\"Reda\u00e7\u00e3o\",\"image\":{\"@type\":\"ImageObject\",\"inLanguage\":\"pt-BR\",\"@id\":\"https:\/\/www.60maisturismo.com.br\/v1\/#\/schema\/person\/image\/\",\"url\":\"https:\/\/secure.gravatar.com\/avatar\/26414fc2418fd62c7533a680af5ed73a?s=96&d=mm&r=g\",\"contentUrl\":\"https:\/\/secure.gravatar.com\/avatar\/26414fc2418fd62c7533a680af5ed73a?s=96&d=mm&r=g\",\"caption\":\"Reda\u00e7\u00e3o\"},\"url\":\"https:\/\/www.60maisturismo.com.br\/v1\/author\/editor\/\"}]}<\/script>\n<!-- \/ Yoast SEO plugin. -->","yoast_head_json":{"title":"5 atrativos em Monte Verde - 60+ TURISMO \/\/","description":"O outono transforma Monte Verde em um cen\u00e1rio ainda mais especial, com temperaturas amenas, folhas douradas e um clima perfeito","robots":{"index":"index","follow":"follow","max-snippet":"max-snippet:-1","max-image-preview":"max-image-preview:large","max-video-preview":"max-video-preview:-1"},"canonical":"https:\/\/www.60maisturismo.com.br\/v1\/2025\/03\/31\/5-atrativos-em-monte-verde\/","og_locale":"pt_BR","og_type":"article","og_title":"5 atrativos em Monte Verde - 60+ TURISMO \/\/","og_description":"O outono transforma Monte Verde em um cen\u00e1rio ainda mais especial, com temperaturas amenas, folhas douradas e um clima perfeito","og_url":"https:\/\/www.60maisturismo.com.br\/v1\/2025\/03\/31\/5-atrativos-em-monte-verde\/","og_site_name":"60+ TURISMO \/\/","article_published_time":"2025-03-31T13:15:42+00:00","og_image":[{"width":770,"height":385,"url":"https:\/\/www.60maisturismo.com.br\/v1\/wp-content\/uploads\/2025\/03\/IMG_0490.jpeg","type":"image\/jpeg"}],"author":"Reda\u00e7\u00e3o","twitter_card":"summary_large_image","twitter_misc":{"Escrito por":"Reda\u00e7\u00e3o","Est. tempo de leitura":"2 minutos"},"schema":{"@context":"https:\/\/schema.org","@graph":[{"@type":"WebPage","@id":"https:\/\/www.60maisturismo.com.br\/v1\/2025\/03\/31\/5-atrativos-em-monte-verde\/","url":"https:\/\/www.60maisturismo.com.br\/v1\/2025\/03\/31\/5-atrativos-em-monte-verde\/","name":"5 atrativos em Monte Verde - 60+ TURISMO \/\/","isPartOf":{"@id":"https:\/\/www.60maisturismo.com.br\/v1\/#website"},"datePublished":"2025-03-31T13:15:42+00:00","dateModified":"2025-03-31T13:15:42+00:00","author":{"@id":"https:\/\/www.60maisturismo.com.br\/v1\/#\/schema\/person\/bef96f08865f4227f234c5a355238415"},"description":"O outono transforma Monte Verde em um cen\u00e1rio ainda mais especial, com temperaturas amenas, folhas douradas e um clima perfeito","breadcrumb":{"@id":"https:\/\/www.60maisturismo.com.br\/v1\/2025\/03\/31\/5-atrativos-em-monte-verde\/#breadcrumb"},"inLanguage":"pt-BR","potentialAction":[{"@type":"ReadAction","target":["https:\/\/www.60maisturismo.com.br\/v1\/2025\/03\/31\/5-atrativos-em-monte-verde\/"]}]},{"@type":"BreadcrumbList","@id":"https:\/\/www.60maisturismo.com.br\/v1\/2025\/03\/31\/5-atrativos-em-monte-verde\/#breadcrumb","itemListElement":[{"@type":"ListItem","position":1,"name":"Home","item":"https:\/\/www.60maisturismo.com.br\/v1\/"},{"@type":"ListItem","position":2,"name":"5 atrativos em Monte Verde"}]},{"@type":"WebSite","@id":"https:\/\/www.60maisturismo.com.br\/v1\/#website","url":"https:\/\/www.60maisturismo.com.br\/v1\/","name":"60+ TURISMO \/\/","description":"","potentialAction":[{"@type":"SearchAction","target":{"@type":"EntryPoint","urlTemplate":"https:\/\/www.60maisturismo.com.br\/v1\/?s={search_term_string}"},"query-input":"required name=search_term_string"}],"inLanguage":"pt-BR"},{"@type":"Person","@id":"https:\/\/www.60maisturismo.com.br\/v1\/#\/schema\/person\/bef96f08865f4227f234c5a355238415","name":"Reda\u00e7\u00e3o","image":{"@type":"ImageObject","inLanguage":"pt-BR","@id":"https:\/\/www.60maisturismo.com.br\/v1\/#\/schema\/person\/image\/","url":"https:\/\/secure.gravatar.com\/avatar\/26414fc2418fd62c7533a680af5ed73a?s=96&d=mm&r=g","contentUrl":"https:\/\/secure.gravatar.com\/avatar\/26414fc2418fd62c7533a680af5ed73a?s=96&d=mm&r=g","caption":"Reda\u00e7\u00e3o"},"url":"https:\/\/www.60maisturismo.com.br\/v1\/author\/editor\/"}]}},"_links":{"self":[{"href":"https:\/\/www.60maisturismo.com.br\/v1\/wp-json\/wp\/v2\/posts\/7973"}],"collection":[{"href":"https:\/\/www.60maisturismo.com.br\/v1\/wp-json\/wp\/v2\/posts"}],"about":[{"href":"https:\/\/www.60maisturismo.com.br\/v1\/wp-json\/wp\/v2\/types\/post"}],"author":[{"embeddable":true,"href":"https:\/\/www.60maisturismo.com.br\/v1\/wp-json\/wp\/v2\/users\/3"}],"replies":[{"embeddable":true,"href":"https:\/\/www.60maisturismo.com.br\/v1\/wp-json\/wp\/v2\/comments?post=7973"}],"version-history":[{"count":2,"href":"https:\/\/www.60maisturismo.com.br\/v1\/wp-json\/wp\/v2\/posts\/7973\/revisions"}],"predecessor-version":[{"id":7976,"href":"https:\/\/www.60maisturismo.com.br\/v1\/wp-json\/wp\/v2\/posts\/7973\/revisions\/7976"}],"wp:featuredmedia":[{"embeddable":true,"href":"https:\/\/www.60maisturismo.com.br\/v1\/wp-json\/wp\/v2\/media\/7975"}],"wp:attachment":[{"href":"https:\/\/www.60maisturismo.com.br\/v1\/wp-json\/wp\/v2\/media?parent=7973"}],"wp:term":[{"taxonomy":"category","embeddable":true,"href":"https:\/\/www.60maisturismo.com.br\/v1\/wp-json\/wp\/v2\/categories?post=7973"},{"taxonomy":"post_tag","embeddable":true,"href":"https:\/\/www.60maisturismo.com.br\/v1\/wp-json\/wp\/v2\/tags?post=7973"}],"curies":[{"name":"wp","href":"https:\/\/api.w.org\/{rel}","templated":true}]}}