{"id":7412,"date":"2024-06-26T08:37:42","date_gmt":"2024-06-26T11:37:42","guid":{"rendered":"https:\/\/www.60maisturismo.com.br\/v1\/?p=7412"},"modified":"2024-06-26T08:37:42","modified_gmt":"2024-06-26T11:37:42","slug":"trem-do-pampa-inicia-viagens-dia-20-de-julho","status":"publish","type":"post","link":"https:\/\/www.60maisturismo.com.br\/v1\/2024\/06\/26\/trem-do-pampa-inicia-viagens-dia-20-de-julho\/","title":{"rendered":"Trem do Pampa inicia viagens dia 20 de julho"},"content":{"rendered":"<p><strong>A partir de <\/strong><strong>20 de junho <\/strong><strong>o Rio Grande do Sul ganha um novo atrativo tur\u00edstico, o Trem do Pampa<\/strong>, em Sant\u00b4Ana do Livramento, fronteira ga\u00facha com a cidade de Rivera, no Uruguai.<strong> O passeio, na famosa \u2018Fronteira da Paz\u2019, acontece aos s\u00e1bados, com opera\u00e7\u00e3o e administra\u00e7\u00e3o da Giordani Turismo<\/strong>, empresa que h\u00e1 mais de 30 anos \u00e9 a respons\u00e1vel pelo passeio de Maria Fuma\u00e7a &#8211; Trem do Vinho, em Bento Gon\u00e7alves.<\/p>\n<p>A data para in\u00edcio das atividades foi confirmada ap\u00f3s a publica\u00e7\u00e3o no Di\u00e1rio Oficial da Uni\u00e3o de hoje, 25 de junho de 2024.<\/p>\n<p>O <strong>Trem do Pampa<\/strong> \u00e9 um passeio com hist\u00f3ria, cultura, tradi\u00e7\u00e3o e sabores da campanha ga\u00facha, reconhecidos tamb\u00e9m pela enogastronomia. Os vag\u00f5es batizados de \u201cTannat\u201d e \u201cCabernet\u201d &#8211; uvas cultivadas na regi\u00e3o &#8211; recebem artistas locais com apresenta\u00e7\u00f5es musicais e culturais que t\u00eam a cultura ga\u00facha e os encantos do Pampa em destaque.<\/p>\n<p>Ao longo do <strong>percurso de 20 quil\u00f4metros<\/strong>, entre as esta\u00e7\u00f5es central de Sant\u00b4Ana do Livramento e a de Palomas, os passageiros ter\u00e3o a oportunidade de <strong>conhecer o terroir\u00a0 da regi\u00e3o degustando vinhos e suco de uva, apreciar a vastid\u00e3o dos campos<\/strong> (pampa \u00e9 uma palavra de origem qu\u00e9chua &#8211; ind\u00edgena &#8211; que significa \u2018regi\u00e3o plana\u2019), <strong>os parreirais em forma de espaldeira e o <\/strong><strong>cart\u00e3o postal da cidade que \u00e9 o Cerro de Palomas<\/strong>.<\/p>\n<p>Os vinhos e sucos degustados no percurso s\u00e3o produzidos na unidade local da <strong>Almad\u00e9n<\/strong>, da Miolo Wine Group. A <strong>visita \u00e0 vin\u00edcola, e ao primeiro free shop de vinhos brasileiros da empresa, est\u00e1 inclusa no bilhete do passeio<\/strong>. O transfer rodovi\u00e1rio, entre a Esta\u00e7\u00e3o de Sant\u00b4Ana do Livramento e a de Palomas, tamb\u00e9m integra o pacote do Trem do Pampa, o visitante faz primeiro o trecho de trem e volta de \u00f4nibus ou ao contr\u00e1rio.<\/p>\n<p><strong>Comercializa\u00e7\u00e3o dos bilhetes<br \/>\n<\/strong>A venda dos bilhetes para o Trem do Pampa inicia dia 26 de junho, pelo site\u00a0 <a href=\"https:\/\/tremdopampars.com.br\/\" target=\"_blank\" rel=\"noopener\" data-saferedirecturl=\"https:\/\/www.google.com\/url?q=https:\/\/tremdopampars.com.br\/&amp;source=gmail&amp;ust=1719485105690000&amp;usg=AOvVaw2m4s9eWZmW0Ef-j2pIgCmz\">tremdopampars.com.br<\/a>, Central de Vendas (55) 3965-0088, ou diretamente na Esta\u00e7\u00e3o de Sant\u00b4Ana do Livramento (R. Ten. An\u00edbal Ben\u00e9volo, 198 &#8211; Centro).<\/p>\n<p><strong>O valor do passeio \u00e9 R$ 135,00 (por pessoa)<\/strong>, crian\u00e7as at\u00e9 5 anos, no colo, s\u00e3o isentas. Cada vag\u00e3o tem capacidade para 50 pessoas, totalizando 100 passageiros por passeio, e o roteiro tem dura\u00e7\u00e3o aproximada de 3h, sendo 1h10 \u00e0 bordo do trem.<\/p>\n<p><strong>Os moradores de Sant&#8217;Ana do Livramento e Rivera ter\u00e3o 50% de desconto no passeio durante o primeiro ano<\/strong> do Trem do Pampa com a campanha \u201cEu Sou Daqui\u201d. Para adquirir o bilhete com o benef\u00edcio do desconto (R$67,50 por passageiro) o morador das duas cidades participantes dever\u00e1 <strong>apresentar comprovante de resid\u00eancia<\/strong> recente, no momento da compra em qualquer ponto de venda. A promo\u00e7\u00e3o \u00e9 uma a\u00e7\u00e3o tradicional que a <a href=\"http:\/\/Giordaniturismo.com.br\">Giordani Turismo<\/a> realiza anualmente na Serra Ga\u00facha e agora, com o in\u00edcio da nova opera\u00e7\u00e3o, beneficia os moradores das cidades da \u2018Fronteira da Paz\u2019.<\/p>\n","protected":false},"excerpt":{"rendered":"<p>A partir de 20 de junho o Rio Grande do Sul ganha um novo atrativo tur\u00edstico, o Trem do Pampa, em Sant\u00b4Ana do Livramento, fronteira ga\u00facha com a cidade de Rivera, no Uruguai. O passeio, na famosa \u2018Fronteira da Paz\u2019, acontece aos s\u00e1bados, com opera\u00e7\u00e3o e administra\u00e7\u00e3o da Giordani Turismo, empresa que h\u00e1 mais de &hellip;<\/p>\n","protected":false},"author":3,"featured_media":7413,"comment_status":"closed","ping_status":"closed","sticky":false,"template":"","format":"standard","meta":{"_links_to":"","_links_to_target":""},"categories":[34],"tags":[168,552,74,553,70],"yoast_head":"<!-- This site is optimized with the Yoast SEO plugin v20.8 - https:\/\/yoast.com\/wordpress\/plugins\/seo\/ -->\n<title>Trem do Pampa inicia viagens dia 20 de julho - 60+ TURISMO \/\/<\/title>\n<meta name=\"description\" content=\"Novo roteiro na Regi\u00e3o da Campanha Ga\u00facha e fronteira com Uruguai ter\u00e1 sa\u00eddas aos s\u00e1bados e bilhetes come\u00e7am a ser vendidos hoje\" \/>\n<meta name=\"robots\" content=\"index, follow, max-snippet:-1, max-image-preview:large, max-video-preview:-1\" \/>\n<link rel=\"canonical\" href=\"https:\/\/www.60maisturismo.com.br\/v1\/2024\/06\/26\/trem-do-pampa-inicia-viagens-dia-20-de-julho\/\" \/>\n<meta property=\"og:locale\" content=\"pt_BR\" \/>\n<meta property=\"og:type\" content=\"article\" \/>\n<meta property=\"og:title\" content=\"Trem do Pampa inicia viagens dia 20 de julho - 60+ TURISMO \/\/\" \/>\n<meta property=\"og:description\" content=\"Novo roteiro na Regi\u00e3o da Campanha Ga\u00facha e fronteira com Uruguai ter\u00e1 sa\u00eddas aos s\u00e1bados e bilhetes come\u00e7am a ser vendidos hoje\" \/>\n<meta property=\"og:url\" content=\"https:\/\/www.60maisturismo.com.br\/v1\/2024\/06\/26\/trem-do-pampa-inicia-viagens-dia-20-de-julho\/\" \/>\n<meta property=\"og:site_name\" content=\"60+ TURISMO \/\/\" \/>\n<meta property=\"article:published_time\" content=\"2024-06-26T11:37:42+00:00\" \/>\n<meta property=\"og:image\" content=\"https:\/\/www.60maisturismo.com.br\/v1\/wp-content\/uploads\/2024\/06\/Trem-do-Pampa-no-Pampa-47-2.jpg\" \/>\n\t<meta property=\"og:image:width\" content=\"770\" \/>\n\t<meta property=\"og:image:height\" content=\"432\" \/>\n\t<meta property=\"og:image:type\" content=\"image\/jpeg\" \/>\n<meta name=\"author\" content=\"Reda\u00e7\u00e3o\" \/>\n<meta name=\"twitter:card\" content=\"summary_large_image\" \/>\n<meta name=\"twitter:label1\" content=\"Escrito por\" \/>\n\t<meta name=\"twitter:data1\" content=\"Reda\u00e7\u00e3o\" \/>\n\t<meta name=\"twitter:label2\" content=\"Est. tempo de leitura\" \/>\n\t<meta name=\"twitter:data2\" content=\"3 minutos\" \/>\n<script type=\"application\/ld+json\" class=\"yoast-schema-graph\">{\"@context\":\"https:\/\/schema.org\",\"@graph\":[{\"@type\":\"WebPage\",\"@id\":\"https:\/\/www.60maisturismo.com.br\/v1\/2024\/06\/26\/trem-do-pampa-inicia-viagens-dia-20-de-julho\/\",\"url\":\"https:\/\/www.60maisturismo.com.br\/v1\/2024\/06\/26\/trem-do-pampa-inicia-viagens-dia-20-de-julho\/\",\"name\":\"Trem do Pampa inicia viagens dia 20 de julho - 60+ TURISMO \/\/\",\"isPartOf\":{\"@id\":\"https:\/\/www.60maisturismo.com.br\/v1\/#website\"},\"datePublished\":\"2024-06-26T11:37:42+00:00\",\"dateModified\":\"2024-06-26T11:37:42+00:00\",\"author\":{\"@id\":\"https:\/\/www.60maisturismo.com.br\/v1\/#\/schema\/person\/bef96f08865f4227f234c5a355238415\"},\"description\":\"Novo roteiro na Regi\u00e3o da Campanha Ga\u00facha e fronteira com Uruguai ter\u00e1 sa\u00eddas aos s\u00e1bados e bilhetes come\u00e7am a ser vendidos hoje\",\"breadcrumb\":{\"@id\":\"https:\/\/www.60maisturismo.com.br\/v1\/2024\/06\/26\/trem-do-pampa-inicia-viagens-dia-20-de-julho\/#breadcrumb\"},\"inLanguage\":\"pt-BR\",\"potentialAction\":[{\"@type\":\"ReadAction\",\"target\":[\"https:\/\/www.60maisturismo.com.br\/v1\/2024\/06\/26\/trem-do-pampa-inicia-viagens-dia-20-de-julho\/\"]}]},{\"@type\":\"BreadcrumbList\",\"@id\":\"https:\/\/www.60maisturismo.com.br\/v1\/2024\/06\/26\/trem-do-pampa-inicia-viagens-dia-20-de-julho\/#breadcrumb\",\"itemListElement\":[{\"@type\":\"ListItem\",\"position\":1,\"name\":\"Home\",\"item\":\"https:\/\/www.60maisturismo.com.br\/v1\/\"},{\"@type\":\"ListItem\",\"position\":2,\"name\":\"Trem do Pampa inicia viagens dia 20 de julho\"}]},{\"@type\":\"WebSite\",\"@id\":\"https:\/\/www.60maisturismo.com.br\/v1\/#website\",\"url\":\"https:\/\/www.60maisturismo.com.br\/v1\/\",\"name\":\"60+ TURISMO \/\/\",\"description\":\"\",\"potentialAction\":[{\"@type\":\"SearchAction\",\"target\":{\"@type\":\"EntryPoint\",\"urlTemplate\":\"https:\/\/www.60maisturismo.com.br\/v1\/?s={search_term_string}\"},\"query-input\":\"required name=search_term_string\"}],\"inLanguage\":\"pt-BR\"},{\"@type\":\"Person\",\"@id\":\"https:\/\/www.60maisturismo.com.br\/v1\/#\/schema\/person\/bef96f08865f4227f234c5a355238415\",\"name\":\"Reda\u00e7\u00e3o\",\"image\":{\"@type\":\"ImageObject\",\"inLanguage\":\"pt-BR\",\"@id\":\"https:\/\/www.60maisturismo.com.br\/v1\/#\/schema\/person\/image\/\",\"url\":\"https:\/\/secure.gravatar.com\/avatar\/26414fc2418fd62c7533a680af5ed73a?s=96&d=mm&r=g\",\"contentUrl\":\"https:\/\/secure.gravatar.com\/avatar\/26414fc2418fd62c7533a680af5ed73a?s=96&d=mm&r=g\",\"caption\":\"Reda\u00e7\u00e3o\"},\"url\":\"https:\/\/www.60maisturismo.com.br\/v1\/author\/editor\/\"}]}<\/script>\n<!-- \/ Yoast SEO plugin. -->","yoast_head_json":{"title":"Trem do Pampa inicia viagens dia 20 de julho - 60+ TURISMO \/\/","description":"Novo roteiro na Regi\u00e3o da Campanha Ga\u00facha e fronteira com Uruguai ter\u00e1 sa\u00eddas aos s\u00e1bados e bilhetes come\u00e7am a ser vendidos hoje","robots":{"index":"index","follow":"follow","max-snippet":"max-snippet:-1","max-image-preview":"max-image-preview:large","max-video-preview":"max-video-preview:-1"},"canonical":"https:\/\/www.60maisturismo.com.br\/v1\/2024\/06\/26\/trem-do-pampa-inicia-viagens-dia-20-de-julho\/","og_locale":"pt_BR","og_type":"article","og_title":"Trem do Pampa inicia viagens dia 20 de julho - 60+ TURISMO \/\/","og_description":"Novo roteiro na Regi\u00e3o da Campanha Ga\u00facha e fronteira com Uruguai ter\u00e1 sa\u00eddas aos s\u00e1bados e bilhetes come\u00e7am a ser vendidos hoje","og_url":"https:\/\/www.60maisturismo.com.br\/v1\/2024\/06\/26\/trem-do-pampa-inicia-viagens-dia-20-de-julho\/","og_site_name":"60+ TURISMO \/\/","article_published_time":"2024-06-26T11:37:42+00:00","og_image":[{"width":770,"height":432,"url":"https:\/\/www.60maisturismo.com.br\/v1\/wp-content\/uploads\/2024\/06\/Trem-do-Pampa-no-Pampa-47-2.jpg","type":"image\/jpeg"}],"author":"Reda\u00e7\u00e3o","twitter_card":"summary_large_image","twitter_misc":{"Escrito por":"Reda\u00e7\u00e3o","Est. tempo de leitura":"3 minutos"},"schema":{"@context":"https:\/\/schema.org","@graph":[{"@type":"WebPage","@id":"https:\/\/www.60maisturismo.com.br\/v1\/2024\/06\/26\/trem-do-pampa-inicia-viagens-dia-20-de-julho\/","url":"https:\/\/www.60maisturismo.com.br\/v1\/2024\/06\/26\/trem-do-pampa-inicia-viagens-dia-20-de-julho\/","name":"Trem do Pampa inicia viagens dia 20 de julho - 60+ TURISMO \/\/","isPartOf":{"@id":"https:\/\/www.60maisturismo.com.br\/v1\/#website"},"datePublished":"2024-06-26T11:37:42+00:00","dateModified":"2024-06-26T11:37:42+00:00","author":{"@id":"https:\/\/www.60maisturismo.com.br\/v1\/#\/schema\/person\/bef96f08865f4227f234c5a355238415"},"description":"Novo roteiro na Regi\u00e3o da Campanha Ga\u00facha e fronteira com Uruguai ter\u00e1 sa\u00eddas aos s\u00e1bados e bilhetes come\u00e7am a ser vendidos hoje","breadcrumb":{"@id":"https:\/\/www.60maisturismo.com.br\/v1\/2024\/06\/26\/trem-do-pampa-inicia-viagens-dia-20-de-julho\/#breadcrumb"},"inLanguage":"pt-BR","potentialAction":[{"@type":"ReadAction","target":["https:\/\/www.60maisturismo.com.br\/v1\/2024\/06\/26\/trem-do-pampa-inicia-viagens-dia-20-de-julho\/"]}]},{"@type":"BreadcrumbList","@id":"https:\/\/www.60maisturismo.com.br\/v1\/2024\/06\/26\/trem-do-pampa-inicia-viagens-dia-20-de-julho\/#breadcrumb","itemListElement":[{"@type":"ListItem","position":1,"name":"Home","item":"https:\/\/www.60maisturismo.com.br\/v1\/"},{"@type":"ListItem","position":2,"name":"Trem do Pampa inicia viagens dia 20 de julho"}]},{"@type":"WebSite","@id":"https:\/\/www.60maisturismo.com.br\/v1\/#website","url":"https:\/\/www.60maisturismo.com.br\/v1\/","name":"60+ TURISMO \/\/","description":"","potentialAction":[{"@type":"SearchAction","target":{"@type":"EntryPoint","urlTemplate":"https:\/\/www.60maisturismo.com.br\/v1\/?s={search_term_string}"},"query-input":"required name=search_term_string"}],"inLanguage":"pt-BR"},{"@type":"Person","@id":"https:\/\/www.60maisturismo.com.br\/v1\/#\/schema\/person\/bef96f08865f4227f234c5a355238415","name":"Reda\u00e7\u00e3o","image":{"@type":"ImageObject","inLanguage":"pt-BR","@id":"https:\/\/www.60maisturismo.com.br\/v1\/#\/schema\/person\/image\/","url":"https:\/\/secure.gravatar.com\/avatar\/26414fc2418fd62c7533a680af5ed73a?s=96&d=mm&r=g","contentUrl":"https:\/\/secure.gravatar.com\/avatar\/26414fc2418fd62c7533a680af5ed73a?s=96&d=mm&r=g","caption":"Reda\u00e7\u00e3o"},"url":"https:\/\/www.60maisturismo.com.br\/v1\/author\/editor\/"}]}},"_links":{"self":[{"href":"https:\/\/www.60maisturismo.com.br\/v1\/wp-json\/wp\/v2\/posts\/7412"}],"collection":[{"href":"https:\/\/www.60maisturismo.com.br\/v1\/wp-json\/wp\/v2\/posts"}],"about":[{"href":"https:\/\/www.60maisturismo.com.br\/v1\/wp-json\/wp\/v2\/types\/post"}],"author":[{"embeddable":true,"href":"https:\/\/www.60maisturismo.com.br\/v1\/wp-json\/wp\/v2\/users\/3"}],"replies":[{"embeddable":true,"href":"https:\/\/www.60maisturismo.com.br\/v1\/wp-json\/wp\/v2\/comments?post=7412"}],"version-history":[{"count":1,"href":"https:\/\/www.60maisturismo.com.br\/v1\/wp-json\/wp\/v2\/posts\/7412\/revisions"}],"predecessor-version":[{"id":7414,"href":"https:\/\/www.60maisturismo.com.br\/v1\/wp-json\/wp\/v2\/posts\/7412\/revisions\/7414"}],"wp:featuredmedia":[{"embeddable":true,"href":"https:\/\/www.60maisturismo.com.br\/v1\/wp-json\/wp\/v2\/media\/7413"}],"wp:attachment":[{"href":"https:\/\/www.60maisturismo.com.br\/v1\/wp-json\/wp\/v2\/media?parent=7412"}],"wp:term":[{"taxonomy":"category","embeddable":true,"href":"https:\/\/www.60maisturismo.com.br\/v1\/wp-json\/wp\/v2\/categories?post=7412"},{"taxonomy":"post_tag","embeddable":true,"href":"https:\/\/www.60maisturismo.com.br\/v1\/wp-json\/wp\/v2\/tags?post=7412"}],"curies":[{"name":"wp","href":"https:\/\/api.w.org\/{rel}","templated":true}]}}