{"id":7152,"date":"2023-09-20T09:05:46","date_gmt":"2023-09-20T12:05:46","guid":{"rendered":"https:\/\/www.60maisturismo.com.br\/v1\/?p=7152"},"modified":"2023-09-20T09:05:46","modified_gmt":"2023-09-20T12:05:46","slug":"chile-primavera-e-enoturismo","status":"publish","type":"post","link":"https:\/\/www.60maisturismo.com.br\/v1\/2023\/09\/20\/chile-primavera-e-enoturismo\/","title":{"rendered":"Chile, primavera e enoturismo"},"content":{"rendered":"<p>Conhecida por ser a esta\u00e7\u00e3o das flores e com temperaturas agrad\u00e1veis a Primavera \u00e9 um bom per\u00edodo para quem est\u00e1 programando uma viagem. E se seu destino for o <strong>Chile<\/strong>, uma dica para \u201charmonizar\u201d com as condi\u00e7\u00f5es clim\u00e1ticas do per\u00edodo \u00e9 aproveitar para desfrutar de uma experi\u00eancia de enoturismo, que \u00e9 um dos pontos fortes que o pa\u00eds tem a oferecer.<\/p>\n<p>A Vin\u00edcola Santa Rita foi considerada como a Melhor Experi\u00eancia de Enoturismo no Chile\u201d pelo Pr\u00eamio Chile 2022 Wine Tourism, uma iniciativa que procura identificar e reconhecer as melhores experi\u00eancias e atividades de enoturismo com elevado impacto positivo nos territ\u00f3rios onde se realiza. Al\u00e9m disso, em 2023 tamb\u00e9m foi reconhecido internacionalmente pela prestigiada revista inglesa The Drinks Business, sendo eleita \u201cMelhor Contribui\u00e7\u00e3o para o Turismo\u201d nos The Drinks Business Awards 2023.<\/p>\n<p>Compre <span style=\"color: #ff0000;\"><a style=\"color: #ff0000;\" href=\"https:\/\/www.booking.com\/hotel\/cl\/casa-real-vina-santa-rita.en.html?aid=7930480&amp;no_rooms=1&amp;group_adults=2\">AQUI<\/a><\/span> a sua hospedagem no Hotel Casa Real pelo melhor pre\u00e7o.<\/p>\n<p>A preserva\u00e7\u00e3o do patrim\u00f4nio nacional e sua divulga\u00e7\u00e3o foi um dos grandes atributos que levaram a vin\u00edcola a se posicionar como a melhor experi\u00eancia do Chile. Santa Rita foi fundada em 1880 por Domingo Fern\u00e1ndez Concha, um empres\u00e1rio chileno que encomendou ao arquiteto alem\u00e3o Teodoro Burchard a constru\u00e7\u00e3o de sua resid\u00eancia de ver\u00e3o, que hoje d\u00e1 vida ao Hotel Casa Real, onde seu neto, o renomado poeta nacional Vicente Huidobro, passou longas temporadas. Atualmente, o boutique hotel de 16 quartos procura ser uma refer\u00eancia mundial em hot\u00e9is patrim\u00f4nio em vinhas, proporcionando aos h\u00f3spedes uma experi\u00eancia exclusiva em um local declarado monumento hist\u00f3rico, sempre com o vinho no centro.<\/p>\n<p>A experi\u00eancia patrimonial do vinhedo tamb\u00e9m inclui uma capela neog\u00f3tica ao lado do hotel, cercada por um parque de 40 hectares declarado Monumento Hist\u00f3rico e projetado pelo paisagista franc\u00eas Guillermo Renner. A isto se soma o Casar\u00e3o Do\u00f1a Paula, edif\u00edcio de 1760 que hoje abriga o Restaurante Do\u00f1a Paula, cujo nome homenageia Paula Jaraquemada, que abrigou neste local 120 patriotas que lutaram pela Independ\u00eancia do Chile, no Batalha de Cancha Rayada.<\/p>\n<p>Pesquise e compre <span style=\"color: #ff0000;\"><a style=\"color: #ff0000;\" href=\"https:\/\/www.vaidepromo.com.br?utm_medium=afiliado&amp;pcrid=5034&amp;utm_source=site-blog\">AQUI<\/a><\/span> seu bilhete a\u00e9reo.<\/p>\n<p>Da mesma forma, existe o Museu Andino da Funda\u00e7\u00e3o Claro Vial, que conta com um acervo de cerca de 3.000 pe\u00e7as arqueol\u00f3gicas e etnogr\u00e1ficas de povos pr\u00e9-colombianos que habitaram nosso territ\u00f3rio junto com express\u00f5es da mistura de culturas da Am\u00e9rica e do Chile.<\/p>\n<p>\u201cHoje, gra\u00e7as aos trabalhos de restaura\u00e7\u00e3o realizados, os visitantes chilenos e estrangeiros podem conhecer uma proposta de turismo integrado e patrimonial que busca a preserva\u00e7\u00e3o para as gera\u00e7\u00f5es futuras. O trabalho de divulga\u00e7\u00e3o da cultura e do patrim\u00f4nio, junto com a integra\u00e7\u00e3o das comunidades, \u00e9 um eixo central para valorizar uma atividade com tanta hist\u00f3ria e ra\u00edzes no territ\u00f3rio chileno\u201d, comenta Elena Carretero, Gerente de Assuntos Corporativos e Sustentabilidade da Santa Rita.<\/p>\n<p>Em 2021, a <a href=\"https:\/\/www.santarita.com\/pt\/\">Santa Rita<\/a> tamb\u00e9m foi eleita entre as melhores vin\u00edcolas do mundo para visitar pelo World\u2019s Best Vineyards, que posicionou a vin\u00edcola como a favorita do Vale do Maipo, com destaque para sua oferta \u00fanica em termos de patrim\u00f4nio, cultura, natureza, gastronomia e qualidade de seus vinhos.<\/p>\n<p><strong>Passeios<\/strong><\/p>\n<p>Visitar a vin\u00edcola Santa Rita \u00e9 uma viagem fascinante pela heran\u00e7a cultural e pela tradi\u00e7\u00e3o vitivin\u00edcola chilena, a apenas 45 minutos de Santiago.<\/p>\n<p>Localizado aos p\u00e9s do Alto Jahuel em Buin, o vinhedo est\u00e1 rodeado por um ambiente natural \u00fanico, onde coexistem a tradi\u00e7\u00e3o vitivin\u00edcola, al\u00e9m da hist\u00f3ria, a cultura e a gastronomia chilenas.<\/p>\n<p>Compre <a href=\"https:\/\/www.parceirospromo.com.br\/partners\/affiliate\/mobility?utm_medium=afiliado&amp;pcrid=5034&amp;utm_source=site-blog\">AQUI<\/a> seu chip internacional e continue falando com seus contatos como se estiver no Brasil.<\/p>\n<p>Para os amantes do vinho, sejam conhecedores ou iniciantes, a Santa Rita criou uma s\u00e9rie de passeios em que \u00e9 poss\u00edvel aprender e desfrutar deste mundo fascinante. Ao fazer um passeio em Santa Rita, o visitante ter\u00e1 contato com as ra\u00edzes do vinho no Chile, conhecer\u00e1 seu processo de produ\u00e7\u00e3o, degustar\u00e1 os melhores vinhos e desfrutar\u00e1 de todo o patrim\u00f4nio cultural do vinhedo em Alto Jahuel.<\/p>\n<p>Os passeios est\u00e3o dispon\u00edveis em espanhol, portugu\u00eas e ingl\u00eas em diversos hor\u00e1rios, de segunda a domingo.<\/p>\n<p>Viaje tranquilo, compre <span style=\"color: #ff0000;\"><a style=\"color: #ff0000;\" href=\"https:\/\/seguro.gtawlabel.com.br\/HORUSNET\">AQUI<\/a><\/span> seu seguro de viagem.<\/p>\n<p>Confira os detalhes de cada passeio:<\/p>\n<p><strong><u>Tour Cl\u00e1ssico<\/u><\/strong><\/p>\n<p>Neste tour ser\u00e1 poss\u00edvel visita a hist\u00f3rica \u201cAdega dos 120 patriotas\u201d. Inclui degusta\u00e7\u00e3o de vinhos. Visita guiada ao jardim de castas, vinhas, processo de vinifica\u00e7\u00e3o e adega, &#8220;Bodega de los 120 Patriotas&#8221;, onde descobrir\u00e1 a emocionante hist\u00f3ria que d\u00e1 nome \u00e0 adega. O passeio termina com uma degusta\u00e7\u00e3o de dois vinhos Reserva e um Gran Reserva, levando de presente uma ta\u00e7a. O passeio tamb\u00e9m d\u00e1 acesso gratuito ao Museu Andino da Funda\u00e7\u00e3o Claro Vial. O museu \u00e9 gratuito e enquadrado pela Lei de Doa\u00e7\u00f5es Culturais, aberto de ter\u00e7a a domingo, das 10h30 \u00e0s 17h.<\/p>\n<table role=\"presentation\" border=\"0\" width=\"100%\" cellspacing=\"0\" cellpadding=\"0\">\n<tbody>\n<tr>\n<td align=\"left\">\n<div>\n<p>Fundada em 1880, no Chile, a Vin\u00edcola Santa Rita j\u00e1 foi premiada mais de 10 vezes como no ranking\u00a0<em>As Marcas de Vinho Mais Admiradas do Mundo<\/em>, elaborado pela revista inglesa\u00a0<em>Drinks International<\/em>, que classifica os 50 melhores produtores de vinho do mundo inteiro. Tamb\u00e9m por 10 vezes consecutivas, a marca levou o t\u00edtulo de\u00a0<em>Winery of the Year<\/em>, oferecido pela revista Wine &amp; Spirits.<\/p>\n<\/div>\n<\/td>\n<\/tr>\n<\/tbody>\n<\/table>\n","protected":false},"excerpt":{"rendered":"<p>Conhecida por ser a esta\u00e7\u00e3o das flores e com temperaturas agrad\u00e1veis a Primavera \u00e9 um bom per\u00edodo para quem est\u00e1 programando uma viagem. E se seu destino for o Chile, uma dica para \u201charmonizar\u201d com as condi\u00e7\u00f5es clim\u00e1ticas do per\u00edodo \u00e9 aproveitar para desfrutar de uma experi\u00eancia de enoturismo, que \u00e9 um dos pontos fortes &hellip;<\/p>\n","protected":false},"author":3,"featured_media":7153,"comment_status":"closed","ping_status":"closed","sticky":false,"template":"","format":"standard","meta":{"_links_to":"","_links_to_target":""},"categories":[33],"tags":[100,243,69,389,75,390],"yoast_head":"<!-- This site is optimized with the Yoast SEO plugin v20.8 - https:\/\/yoast.com\/wordpress\/plugins\/seo\/ -->\n<title>Chile, primavera e enoturismo - 60+ TURISMO \/\/<\/title>\n<meta name=\"description\" content=\"Primavera no Chile: uma boa ocasi\u00e3o para desfrutar de uma experi\u00eancia de enoturismo na Vin\u00edcola Santa Rita\" \/>\n<meta name=\"robots\" content=\"index, follow, max-snippet:-1, max-image-preview:large, max-video-preview:-1\" \/>\n<link rel=\"canonical\" href=\"https:\/\/www.60maisturismo.com.br\/v1\/2023\/09\/20\/chile-primavera-e-enoturismo\/\" \/>\n<meta property=\"og:locale\" content=\"pt_BR\" \/>\n<meta property=\"og:type\" content=\"article\" \/>\n<meta property=\"og:title\" content=\"Chile, primavera e enoturismo - 60+ TURISMO \/\/\" \/>\n<meta property=\"og:description\" content=\"Primavera no Chile: uma boa ocasi\u00e3o para desfrutar de uma experi\u00eancia de enoturismo na Vin\u00edcola Santa Rita\" \/>\n<meta property=\"og:url\" content=\"https:\/\/www.60maisturismo.com.br\/v1\/2023\/09\/20\/chile-primavera-e-enoturismo\/\" \/>\n<meta property=\"og:site_name\" content=\"60+ TURISMO \/\/\" \/>\n<meta property=\"article:published_time\" content=\"2023-09-20T12:05:46+00:00\" \/>\n<meta property=\"og:image\" content=\"https:\/\/www.60maisturismo.com.br\/v1\/wp-content\/uploads\/2023\/09\/chile.jpg\" \/>\n\t<meta property=\"og:image:width\" content=\"500\" \/>\n\t<meta property=\"og:image:height\" content=\"400\" \/>\n\t<meta property=\"og:image:type\" content=\"image\/jpeg\" \/>\n<meta name=\"author\" content=\"Reda\u00e7\u00e3o\" \/>\n<meta name=\"twitter:card\" content=\"summary_large_image\" \/>\n<meta name=\"twitter:label1\" content=\"Escrito por\" \/>\n\t<meta name=\"twitter:data1\" content=\"Reda\u00e7\u00e3o\" \/>\n\t<meta name=\"twitter:label2\" content=\"Est. tempo de leitura\" \/>\n\t<meta name=\"twitter:data2\" content=\"5 minutos\" \/>\n<script type=\"application\/ld+json\" class=\"yoast-schema-graph\">{\"@context\":\"https:\/\/schema.org\",\"@graph\":[{\"@type\":\"WebPage\",\"@id\":\"https:\/\/www.60maisturismo.com.br\/v1\/2023\/09\/20\/chile-primavera-e-enoturismo\/\",\"url\":\"https:\/\/www.60maisturismo.com.br\/v1\/2023\/09\/20\/chile-primavera-e-enoturismo\/\",\"name\":\"Chile, primavera e enoturismo - 60+ TURISMO \/\/\",\"isPartOf\":{\"@id\":\"https:\/\/www.60maisturismo.com.br\/v1\/#website\"},\"datePublished\":\"2023-09-20T12:05:46+00:00\",\"dateModified\":\"2023-09-20T12:05:46+00:00\",\"author\":{\"@id\":\"https:\/\/www.60maisturismo.com.br\/v1\/#\/schema\/person\/bef96f08865f4227f234c5a355238415\"},\"description\":\"Primavera no Chile: uma boa ocasi\u00e3o para desfrutar de uma experi\u00eancia de enoturismo na Vin\u00edcola Santa Rita\",\"breadcrumb\":{\"@id\":\"https:\/\/www.60maisturismo.com.br\/v1\/2023\/09\/20\/chile-primavera-e-enoturismo\/#breadcrumb\"},\"inLanguage\":\"pt-BR\",\"potentialAction\":[{\"@type\":\"ReadAction\",\"target\":[\"https:\/\/www.60maisturismo.com.br\/v1\/2023\/09\/20\/chile-primavera-e-enoturismo\/\"]}]},{\"@type\":\"BreadcrumbList\",\"@id\":\"https:\/\/www.60maisturismo.com.br\/v1\/2023\/09\/20\/chile-primavera-e-enoturismo\/#breadcrumb\",\"itemListElement\":[{\"@type\":\"ListItem\",\"position\":1,\"name\":\"Home\",\"item\":\"https:\/\/www.60maisturismo.com.br\/v1\/\"},{\"@type\":\"ListItem\",\"position\":2,\"name\":\"Chile, primavera e enoturismo\"}]},{\"@type\":\"WebSite\",\"@id\":\"https:\/\/www.60maisturismo.com.br\/v1\/#website\",\"url\":\"https:\/\/www.60maisturismo.com.br\/v1\/\",\"name\":\"60+ TURISMO \/\/\",\"description\":\"\",\"potentialAction\":[{\"@type\":\"SearchAction\",\"target\":{\"@type\":\"EntryPoint\",\"urlTemplate\":\"https:\/\/www.60maisturismo.com.br\/v1\/?s={search_term_string}\"},\"query-input\":\"required name=search_term_string\"}],\"inLanguage\":\"pt-BR\"},{\"@type\":\"Person\",\"@id\":\"https:\/\/www.60maisturismo.com.br\/v1\/#\/schema\/person\/bef96f08865f4227f234c5a355238415\",\"name\":\"Reda\u00e7\u00e3o\",\"image\":{\"@type\":\"ImageObject\",\"inLanguage\":\"pt-BR\",\"@id\":\"https:\/\/www.60maisturismo.com.br\/v1\/#\/schema\/person\/image\/\",\"url\":\"https:\/\/secure.gravatar.com\/avatar\/26414fc2418fd62c7533a680af5ed73a?s=96&d=mm&r=g\",\"contentUrl\":\"https:\/\/secure.gravatar.com\/avatar\/26414fc2418fd62c7533a680af5ed73a?s=96&d=mm&r=g\",\"caption\":\"Reda\u00e7\u00e3o\"},\"url\":\"https:\/\/www.60maisturismo.com.br\/v1\/author\/editor\/\"}]}<\/script>\n<!-- \/ Yoast SEO plugin. -->","yoast_head_json":{"title":"Chile, primavera e enoturismo - 60+ TURISMO \/\/","description":"Primavera no Chile: uma boa ocasi\u00e3o para desfrutar de uma experi\u00eancia de enoturismo na Vin\u00edcola Santa Rita","robots":{"index":"index","follow":"follow","max-snippet":"max-snippet:-1","max-image-preview":"max-image-preview:large","max-video-preview":"max-video-preview:-1"},"canonical":"https:\/\/www.60maisturismo.com.br\/v1\/2023\/09\/20\/chile-primavera-e-enoturismo\/","og_locale":"pt_BR","og_type":"article","og_title":"Chile, primavera e enoturismo - 60+ TURISMO \/\/","og_description":"Primavera no Chile: uma boa ocasi\u00e3o para desfrutar de uma experi\u00eancia de enoturismo na Vin\u00edcola Santa Rita","og_url":"https:\/\/www.60maisturismo.com.br\/v1\/2023\/09\/20\/chile-primavera-e-enoturismo\/","og_site_name":"60+ TURISMO \/\/","article_published_time":"2023-09-20T12:05:46+00:00","og_image":[{"width":500,"height":400,"url":"https:\/\/www.60maisturismo.com.br\/v1\/wp-content\/uploads\/2023\/09\/chile.jpg","type":"image\/jpeg"}],"author":"Reda\u00e7\u00e3o","twitter_card":"summary_large_image","twitter_misc":{"Escrito por":"Reda\u00e7\u00e3o","Est. tempo de leitura":"5 minutos"},"schema":{"@context":"https:\/\/schema.org","@graph":[{"@type":"WebPage","@id":"https:\/\/www.60maisturismo.com.br\/v1\/2023\/09\/20\/chile-primavera-e-enoturismo\/","url":"https:\/\/www.60maisturismo.com.br\/v1\/2023\/09\/20\/chile-primavera-e-enoturismo\/","name":"Chile, primavera e enoturismo - 60+ TURISMO \/\/","isPartOf":{"@id":"https:\/\/www.60maisturismo.com.br\/v1\/#website"},"datePublished":"2023-09-20T12:05:46+00:00","dateModified":"2023-09-20T12:05:46+00:00","author":{"@id":"https:\/\/www.60maisturismo.com.br\/v1\/#\/schema\/person\/bef96f08865f4227f234c5a355238415"},"description":"Primavera no Chile: uma boa ocasi\u00e3o para desfrutar de uma experi\u00eancia de enoturismo na Vin\u00edcola Santa Rita","breadcrumb":{"@id":"https:\/\/www.60maisturismo.com.br\/v1\/2023\/09\/20\/chile-primavera-e-enoturismo\/#breadcrumb"},"inLanguage":"pt-BR","potentialAction":[{"@type":"ReadAction","target":["https:\/\/www.60maisturismo.com.br\/v1\/2023\/09\/20\/chile-primavera-e-enoturismo\/"]}]},{"@type":"BreadcrumbList","@id":"https:\/\/www.60maisturismo.com.br\/v1\/2023\/09\/20\/chile-primavera-e-enoturismo\/#breadcrumb","itemListElement":[{"@type":"ListItem","position":1,"name":"Home","item":"https:\/\/www.60maisturismo.com.br\/v1\/"},{"@type":"ListItem","position":2,"name":"Chile, primavera e enoturismo"}]},{"@type":"WebSite","@id":"https:\/\/www.60maisturismo.com.br\/v1\/#website","url":"https:\/\/www.60maisturismo.com.br\/v1\/","name":"60+ TURISMO \/\/","description":"","potentialAction":[{"@type":"SearchAction","target":{"@type":"EntryPoint","urlTemplate":"https:\/\/www.60maisturismo.com.br\/v1\/?s={search_term_string}"},"query-input":"required name=search_term_string"}],"inLanguage":"pt-BR"},{"@type":"Person","@id":"https:\/\/www.60maisturismo.com.br\/v1\/#\/schema\/person\/bef96f08865f4227f234c5a355238415","name":"Reda\u00e7\u00e3o","image":{"@type":"ImageObject","inLanguage":"pt-BR","@id":"https:\/\/www.60maisturismo.com.br\/v1\/#\/schema\/person\/image\/","url":"https:\/\/secure.gravatar.com\/avatar\/26414fc2418fd62c7533a680af5ed73a?s=96&d=mm&r=g","contentUrl":"https:\/\/secure.gravatar.com\/avatar\/26414fc2418fd62c7533a680af5ed73a?s=96&d=mm&r=g","caption":"Reda\u00e7\u00e3o"},"url":"https:\/\/www.60maisturismo.com.br\/v1\/author\/editor\/"}]}},"_links":{"self":[{"href":"https:\/\/www.60maisturismo.com.br\/v1\/wp-json\/wp\/v2\/posts\/7152"}],"collection":[{"href":"https:\/\/www.60maisturismo.com.br\/v1\/wp-json\/wp\/v2\/posts"}],"about":[{"href":"https:\/\/www.60maisturismo.com.br\/v1\/wp-json\/wp\/v2\/types\/post"}],"author":[{"embeddable":true,"href":"https:\/\/www.60maisturismo.com.br\/v1\/wp-json\/wp\/v2\/users\/3"}],"replies":[{"embeddable":true,"href":"https:\/\/www.60maisturismo.com.br\/v1\/wp-json\/wp\/v2\/comments?post=7152"}],"version-history":[{"count":1,"href":"https:\/\/www.60maisturismo.com.br\/v1\/wp-json\/wp\/v2\/posts\/7152\/revisions"}],"predecessor-version":[{"id":7154,"href":"https:\/\/www.60maisturismo.com.br\/v1\/wp-json\/wp\/v2\/posts\/7152\/revisions\/7154"}],"wp:featuredmedia":[{"embeddable":true,"href":"https:\/\/www.60maisturismo.com.br\/v1\/wp-json\/wp\/v2\/media\/7153"}],"wp:attachment":[{"href":"https:\/\/www.60maisturismo.com.br\/v1\/wp-json\/wp\/v2\/media?parent=7152"}],"wp:term":[{"taxonomy":"category","embeddable":true,"href":"https:\/\/www.60maisturismo.com.br\/v1\/wp-json\/wp\/v2\/categories?post=7152"},{"taxonomy":"post_tag","embeddable":true,"href":"https:\/\/www.60maisturismo.com.br\/v1\/wp-json\/wp\/v2\/tags?post=7152"}],"curies":[{"name":"wp","href":"https:\/\/api.w.org\/{rel}","templated":true}]}}