{"id":10374,"date":"2026-09-06T09:31:39","date_gmt":"2026-09-06T12:31:39","guid":{"rendered":"https:\/\/www.60maisturismo.com.br\/v1\/?p=10374"},"modified":"2026-09-06T09:31:39","modified_gmt":"2026-09-06T12:31:39","slug":"panama-roteiro-definitivo","status":"publish","type":"post","link":"https:\/\/www.60maisturismo.com.br\/v1\/2026\/09\/06\/panama-roteiro-definitivo\/","title":{"rendered":"Panam\u00e1; roteiro definitivo"},"content":{"rendered":"<p>Os viajantes de hoje buscam cada vez mais destinos que ainda transmitam a sensa\u00e7\u00e3o de serem pouco explorados, oferecendo experi\u00eancias que combinam cultura, gastronomia e natureza, sem a complexidade de uma viagem de longa dist\u00e2ncia. <strong>O <a href=\"https:\/\/www.tourismpanama.com\/\" target=\"_blank\" rel=\"noopener\" data-saferedirecturl=\"https:\/\/www.google.com\/url?q=https:\/\/www.tourismpanama.com\/&amp;source=gmail&amp;ust=1788736464949000&amp;usg=AOvVaw0i4eGiBZdq5_SHTIUWtNVe\"><u>Panam\u00e1<\/u><\/a> atende a essa demanda ao proporcionar um destino onde \u00e9 poss\u00edvel vivenciar tr\u00eas mundos distintos em uma \u00fanica viagem.<\/strong><\/p>\n<p>&nbsp;<\/p>\n<p>De arranha-c\u00e9us cosmopolitas a ilhas caribenhas e terras altas cobertas pela neblina, o pa\u00eds oferece uma rara diversidade geogr\u00e1fica e cultural, perfeita para um roteiro multifacetado que proporciona a sensa\u00e7\u00e3o de viver tr\u00eas viagens em uma s\u00f3.<\/p>\n<p>&nbsp;<\/p>\n<p>Em um momento em que os viajantes priorizam tanto a gastronomia quanto experi\u00eancias imersivas na natureza como principais motiva\u00e7\u00f5es para viajar, o Panam\u00e1 re\u00fane o melhor dos dois mundos \u2013 tudo isso em um destino compacto, bem conectado e f\u00e1cil de explorar. \u00c9 assim que ganha vida o roteiro da &#8220;trifeta definitiva&#8221;: tr\u00eas experi\u00eancias distintas em uma \u00fanica viagem.<\/p>\n<p>&nbsp;<\/p>\n<p><strong>Parada 1: Cidade do Panam\u00e1 \u2013 Arranha-c\u00e9us e uma capital gastron\u00f4mica da UNESCO <\/strong><\/p>\n<p>Reconhecida pela UNESCO como Cidade Criativa da Gastronomia, a Cidade do Panam\u00e1 combina hist\u00f3ria, inova\u00e7\u00e3o e sabor. Os turistas podem explorar o charme colonial do Casco Antiguo, desfrutar da gastronomia e dos restaurantes em rooftops do bairro, conhecer a import\u00e2ncia arqueol\u00f3gica do <a href=\"https:\/\/es.tourismpanama.com\/lugares-para-visitar\/ciudad-de-panama\/cosas-para-hacer\/sitios-historicos\/panama-viejo\/\" target=\"_blank\" rel=\"noopener\" data-saferedirecturl=\"https:\/\/www.google.com\/url?q=https:\/\/es.tourismpanama.com\/lugares-para-visitar\/ciudad-de-panama\/cosas-para-hacer\/sitios-historicos\/panama-viejo\/&amp;source=gmail&amp;ust=1788736464949000&amp;usg=AOvVaw3Z1zd2bZKV0R9cjFM4CCCV\"><u>Panam\u00e1 Viejo<\/u><\/a> e admirar o moderno skyline da cidade, tudo isso em poucas horas. De forma \u00fanica, tamb\u00e9m \u00e9 uma das \u00e9pocas capitais do mundo que tem uma selva tropical nos limites da cidade, incluindo o <a href=\"https:\/\/es.tourismpanama.com\/aire-libre-y-naturaleza\/parques-naturales\/parques-nacionales\/parque-natural-metropolitano\/?_gl=1*om5lsy*_ga*NjI2NTE5Njg4LjE3ODU5NDYwNDc.*_ga_HM8V89JVZK*czE3ODU5NTIwMzMkbzIkZzEkdDE3ODU5NTIyMjckajEkbDAkaDA.\" target=\"_blank\" rel=\"noopener\" data-saferedirecturl=\"https:\/\/www.google.com\/url?q=https:\/\/es.tourismpanama.com\/aire-libre-y-naturaleza\/parques-naturales\/parques-nacionales\/parque-natural-metropolitano\/?_gl%3D1*om5lsy*_ga*NjI2NTE5Njg4LjE3ODU5NDYwNDc.*_ga_HM8V89JVZK*czE3ODU5NTIwMzMkbzIkZzEkdDE3ODU5NTIyMjckajEkbDAkaDA.&amp;source=gmail&amp;ust=1788736464949000&amp;usg=AOvVaw0CokX3dTDbIkDN--UCSygG\"><u>Parque Natural Metropolitano,<\/u><\/a> lar de mais de 1.000 esp\u00e9cies de plantas e animais.<\/p>\n<p>&nbsp;<\/p>\n<p><strong>Parada 2: Bocas del Toro \u2013 Para\u00edso caribenho e cultura afro-caribenha<\/strong><\/p>\n<p>Na costa caribenha do Panam\u00e1, <a href=\"https:\/\/es.tourismpanama.com\/lugares-para-visitar\/bocas-del-toro\/?_gl=1*1rt0d49*_ga*NjI2NTE5Njg4LjE3ODU5NDYwNDc.*_ga_HM8V89JVZK*czE3ODU5NTIwMzMkbzIkZzEkdDE3ODU5NTIyNzUkajI1JGwwJGgw\" target=\"_blank\" rel=\"noopener\" data-saferedirecturl=\"https:\/\/www.google.com\/url?q=https:\/\/es.tourismpanama.com\/lugares-para-visitar\/bocas-del-toro\/?_gl%3D1*1rt0d49*_ga*NjI2NTE5Njg4LjE3ODU5NDYwNDc.*_ga_HM8V89JVZK*czE3ODU5NTIwMzMkbzIkZzEkdDE3ODU5NTIyNzUkajI1JGwwJGgw&amp;source=gmail&amp;ust=1788736464949000&amp;usg=AOvVaw0wKRsV2WQLGwn2gj5okbc-\"><u>Bocas del Toro<\/u><\/a> fica a um curto voo da Cidade do Panam\u00e1 e oferece um ref\u00fagio descontra\u00eddo e repleto de cores, marcado por sua rica biodiversidade e cultura local. Reconhecido como um \u201cHope Spot\u201d pela Mission Blue, o arquip\u00e9lago \u00e9 o destino ideal para explorar diferentes ilhas de barco, com avistamentos frequentes de golfinhos entre as ilhas e \u00e1guas bioluminescentes que iluminam o mar ao entardecer. Al\u00e9m das paisagens naturais, a heran\u00e7a afro-caribenha est\u00e1 presente em toda a regi\u00e3o, influenciando a m\u00fasica, a gastronomia e o estilo de vida local, criando uma atmosfera vibrante e profundamente conectada \u00e0s suas ra\u00edzes culturais.<\/p>\n<p>&nbsp;<\/p>\n<p><strong>Parada 3: Boquete \u2013 Ref\u00fagio nas montanhas e destino para aventura<\/strong><\/p>\n<p>Por fim, escondida nas montanhas do oeste do Panam\u00e1, <a href=\"https:\/\/es.tourismpanama.com\/lugares-para-visitar\/boquete\/?_gl=1*1dwcnfm*_ga*NjI2NTE5Njg4LjE3ODU5NDYwNDc.*_ga_HM8V89JVZK*czE3ODU5NTIwMzMkbzIkZzEkdDE3ODU5NTIzMzIkajU5JGwwJGgw\" target=\"_blank\" rel=\"noopener\" data-saferedirecturl=\"https:\/\/www.google.com\/url?q=https:\/\/es.tourismpanama.com\/lugares-para-visitar\/boquete\/?_gl%3D1*1dwcnfm*_ga*NjI2NTE5Njg4LjE3ODU5NDYwNDc.*_ga_HM8V89JVZK*czE3ODU5NTIwMzMkbzIkZzEkdDE3ODU5NTIzMzIkajU5JGwwJGgw&amp;source=gmail&amp;ust=1788736464949000&amp;usg=AOvVaw0J5YDbqFZAVE548-wXcrv1\"><u>Boquete<\/u><\/a> oferece um clima mais ameno e \u00e9 a porta de entrada para experi\u00eancias de aventura e contato com a natureza. Conhecida como o cora\u00e7\u00e3o da regi\u00e3o cafeeira do pa\u00eds, a cidade \u00e9 o ber\u00e7o do mundialmente famoso caf\u00e9 Geisha, com visitas imersivas a fazendas que revelam seu terroir e todo o processo de produ\u00e7\u00e3o. A regi\u00e3o tamb\u00e9m \u00e9 ideal para trilhas, rafting em corredeiras e a subida ao<a href=\"https:\/\/es.tourismpanama.com\/lugares-para-visitar\/boquete\/?_gl=1*1dwcnfm*_ga*NjI2NTE5Njg4LjE3ODU5NDYwNDc.*_ga_HM8V89JVZK*czE3ODU5NTIwMzMkbzIkZzEkdDE3ODU5NTIzMzIkajU5JGwwJGgw\" target=\"_blank\" rel=\"noopener\" data-saferedirecturl=\"https:\/\/www.google.com\/url?q=https:\/\/es.tourismpanama.com\/lugares-para-visitar\/boquete\/?_gl%3D1*1dwcnfm*_ga*NjI2NTE5Njg4LjE3ODU5NDYwNDc.*_ga_HM8V89JVZK*czE3ODU5NTIwMzMkbzIkZzEkdDE3ODU5NTIzMzIkajU5JGwwJGgw&amp;source=gmail&amp;ust=1788736464949000&amp;usg=AOvVaw0J5YDbqFZAVE548-wXcrv1\"><u>Volc\u00e1n Bar\u00fa<\/u><\/a>, al\u00e9m de estar pr\u00f3xima ao <a href=\"https:\/\/es.tourismpanama.com\/aire-libre-y-naturaleza\/parques-naturales\/parques-nacionales\/parque-internacional-la-amistad\/?_gl=1*1udjseq*_ga*NjI2NTE5Njg4LjE3ODU5NDYwNDc.*_ga_HM8V89JVZK*czE3ODU5NTIwMzMkbzIkZzEkdDE3ODU5NTI1MTAkajE3JGwwJGgw\" target=\"_blank\" rel=\"noopener\" data-saferedirecturl=\"https:\/\/www.google.com\/url?q=https:\/\/es.tourismpanama.com\/aire-libre-y-naturaleza\/parques-naturales\/parques-nacionales\/parque-internacional-la-amistad\/?_gl%3D1*1udjseq*_ga*NjI2NTE5Njg4LjE3ODU5NDYwNDc.*_ga_HM8V89JVZK*czE3ODU5NTIwMzMkbzIkZzEkdDE3ODU5NTI1MTAkajE3JGwwJGgw&amp;source=gmail&amp;ust=1788736464949000&amp;usg=AOvVaw1GM_I3jTgw8wNb7aAqR1wH\"><u>Parque Internacional La Amistad,<\/u><\/a> Patrim\u00f4nio Mundial da UNESCO conhecido por sua rica biodiversidade e florestas nubladas.<\/p>\n<p>&nbsp;<\/p>\n<p>Juntos, esses tr\u00eas destinos formam um roteiro integrado que transita naturalmente entre a sofistica\u00e7\u00e3o urbana, a tranquilidade do Caribe e a aventura nas montanhas, oferecendo o contraste e a diversidade que tornam uma viagem verdadeiramente inesquec\u00edvel.<\/p>\n","protected":false},"excerpt":{"rendered":"<p>Os viajantes de hoje buscam cada vez mais destinos que ainda transmitam a sensa\u00e7\u00e3o de serem pouco explorados, oferecendo experi\u00eancias que combinam cultura, gastronomia e natureza, sem a complexidade de uma viagem de longa dist\u00e2ncia. O Panam\u00e1 atende a essa demanda ao proporcionar um destino onde \u00e9 poss\u00edvel vivenciar tr\u00eas mundos distintos em uma \u00fanica &hellip;<\/p>\n","protected":false},"author":3,"featured_media":10375,"comment_status":"closed","ping_status":"closed","sticky":false,"template":"","format":"standard","meta":{"_links_to":"","_links_to_target":""},"categories":[33],"tags":[483,504,1994],"yoast_head":"<!-- This site is optimized with the Yoast SEO plugin v20.8 - https:\/\/yoast.com\/wordpress\/plugins\/seo\/ -->\n<title>Panam\u00e1; roteiro definitivo - 60+ TURISMO \/\/<\/title>\n<meta name=\"description\" content=\"Panam\u00e1 em uma \u00fanica viagem: a vida urbana e a gastronomia da Cidade do Panam\u00e1, as praias e a cultura afro-caribenha de Bocas del Toro e as montanhas e aventuras de Boquete.\" \/>\n<meta name=\"robots\" content=\"index, follow, max-snippet:-1, max-image-preview:large, max-video-preview:-1\" \/>\n<link rel=\"canonical\" href=\"https:\/\/www.60maisturismo.com.br\/v1\/2026\/09\/06\/panama-roteiro-definitivo\/\" \/>\n<meta property=\"og:locale\" content=\"pt_BR\" \/>\n<meta property=\"og:type\" content=\"article\" \/>\n<meta property=\"og:title\" content=\"Panam\u00e1; roteiro definitivo - 60+ TURISMO \/\/\" \/>\n<meta property=\"og:description\" content=\"Panam\u00e1 em uma \u00fanica viagem: a vida urbana e a gastronomia da Cidade do Panam\u00e1, as praias e a cultura afro-caribenha de Bocas del Toro e as montanhas e aventuras de Boquete.\" \/>\n<meta property=\"og:url\" content=\"https:\/\/www.60maisturismo.com.br\/v1\/2026\/09\/06\/panama-roteiro-definitivo\/\" \/>\n<meta property=\"og:site_name\" content=\"60+ TURISMO \/\/\" \/>\n<meta property=\"article:published_time\" content=\"2026-09-06T12:31:39+00:00\" \/>\n<meta property=\"og:image\" content=\"https:\/\/www.60maisturismo.com.br\/v1\/wp-content\/uploads\/2026\/09\/Bastimentos-National-Marine-Park.jpg\" \/>\n\t<meta property=\"og:image:width\" content=\"770\" \/>\n\t<meta property=\"og:image:height\" content=\"512\" \/>\n\t<meta property=\"og:image:type\" content=\"image\/jpeg\" \/>\n<meta name=\"author\" content=\"Reda\u00e7\u00e3o\" \/>\n<meta name=\"twitter:card\" content=\"summary_large_image\" \/>\n<meta name=\"twitter:label1\" content=\"Escrito por\" \/>\n\t<meta name=\"twitter:data1\" content=\"Reda\u00e7\u00e3o\" \/>\n\t<meta name=\"twitter:label2\" content=\"Est. tempo de leitura\" \/>\n\t<meta name=\"twitter:data2\" content=\"3 minutos\" \/>\n<script type=\"application\/ld+json\" class=\"yoast-schema-graph\">{\"@context\":\"https:\/\/schema.org\",\"@graph\":[{\"@type\":\"WebPage\",\"@id\":\"https:\/\/www.60maisturismo.com.br\/v1\/2026\/09\/06\/panama-roteiro-definitivo\/\",\"url\":\"https:\/\/www.60maisturismo.com.br\/v1\/2026\/09\/06\/panama-roteiro-definitivo\/\",\"name\":\"Panam\u00e1; roteiro definitivo - 60+ TURISMO \/\/\",\"isPartOf\":{\"@id\":\"https:\/\/www.60maisturismo.com.br\/v1\/#website\"},\"datePublished\":\"2026-09-06T12:31:39+00:00\",\"dateModified\":\"2026-09-06T12:31:39+00:00\",\"author\":{\"@id\":\"https:\/\/www.60maisturismo.com.br\/v1\/#\/schema\/person\/bef96f08865f4227f234c5a355238415\"},\"description\":\"Panam\u00e1 em uma \u00fanica viagem: a vida urbana e a gastronomia da Cidade do Panam\u00e1, as praias e a cultura afro-caribenha de Bocas del Toro e as montanhas e aventuras de Boquete.\",\"breadcrumb\":{\"@id\":\"https:\/\/www.60maisturismo.com.br\/v1\/2026\/09\/06\/panama-roteiro-definitivo\/#breadcrumb\"},\"inLanguage\":\"pt-BR\",\"potentialAction\":[{\"@type\":\"ReadAction\",\"target\":[\"https:\/\/www.60maisturismo.com.br\/v1\/2026\/09\/06\/panama-roteiro-definitivo\/\"]}]},{\"@type\":\"BreadcrumbList\",\"@id\":\"https:\/\/www.60maisturismo.com.br\/v1\/2026\/09\/06\/panama-roteiro-definitivo\/#breadcrumb\",\"itemListElement\":[{\"@type\":\"ListItem\",\"position\":1,\"name\":\"Home\",\"item\":\"https:\/\/www.60maisturismo.com.br\/v1\/\"},{\"@type\":\"ListItem\",\"position\":2,\"name\":\"Panam\u00e1; roteiro definitivo\"}]},{\"@type\":\"WebSite\",\"@id\":\"https:\/\/www.60maisturismo.com.br\/v1\/#website\",\"url\":\"https:\/\/www.60maisturismo.com.br\/v1\/\",\"name\":\"60+ TURISMO \/\/\",\"description\":\"\",\"potentialAction\":[{\"@type\":\"SearchAction\",\"target\":{\"@type\":\"EntryPoint\",\"urlTemplate\":\"https:\/\/www.60maisturismo.com.br\/v1\/?s={search_term_string}\"},\"query-input\":\"required name=search_term_string\"}],\"inLanguage\":\"pt-BR\"},{\"@type\":\"Person\",\"@id\":\"https:\/\/www.60maisturismo.com.br\/v1\/#\/schema\/person\/bef96f08865f4227f234c5a355238415\",\"name\":\"Reda\u00e7\u00e3o\",\"image\":{\"@type\":\"ImageObject\",\"inLanguage\":\"pt-BR\",\"@id\":\"https:\/\/www.60maisturismo.com.br\/v1\/#\/schema\/person\/image\/\",\"url\":\"https:\/\/secure.gravatar.com\/avatar\/26414fc2418fd62c7533a680af5ed73a?s=96&d=mm&r=g\",\"contentUrl\":\"https:\/\/secure.gravatar.com\/avatar\/26414fc2418fd62c7533a680af5ed73a?s=96&d=mm&r=g\",\"caption\":\"Reda\u00e7\u00e3o\"},\"url\":\"https:\/\/www.60maisturismo.com.br\/v1\/author\/editor\/\"}]}<\/script>\n<!-- \/ Yoast SEO plugin. -->","yoast_head_json":{"title":"Panam\u00e1; roteiro definitivo - 60+ TURISMO \/\/","description":"Panam\u00e1 em uma \u00fanica viagem: a vida urbana e a gastronomia da Cidade do Panam\u00e1, as praias e a cultura afro-caribenha de Bocas del Toro e as montanhas e aventuras de Boquete.","robots":{"index":"index","follow":"follow","max-snippet":"max-snippet:-1","max-image-preview":"max-image-preview:large","max-video-preview":"max-video-preview:-1"},"canonical":"https:\/\/www.60maisturismo.com.br\/v1\/2026\/09\/06\/panama-roteiro-definitivo\/","og_locale":"pt_BR","og_type":"article","og_title":"Panam\u00e1; roteiro definitivo - 60+ TURISMO \/\/","og_description":"Panam\u00e1 em uma \u00fanica viagem: a vida urbana e a gastronomia da Cidade do Panam\u00e1, as praias e a cultura afro-caribenha de Bocas del Toro e as montanhas e aventuras de Boquete.","og_url":"https:\/\/www.60maisturismo.com.br\/v1\/2026\/09\/06\/panama-roteiro-definitivo\/","og_site_name":"60+ TURISMO \/\/","article_published_time":"2026-09-06T12:31:39+00:00","og_image":[{"width":770,"height":512,"url":"https:\/\/www.60maisturismo.com.br\/v1\/wp-content\/uploads\/2026\/09\/Bastimentos-National-Marine-Park.jpg","type":"image\/jpeg"}],"author":"Reda\u00e7\u00e3o","twitter_card":"summary_large_image","twitter_misc":{"Escrito por":"Reda\u00e7\u00e3o","Est. tempo de leitura":"3 minutos"},"schema":{"@context":"https:\/\/schema.org","@graph":[{"@type":"WebPage","@id":"https:\/\/www.60maisturismo.com.br\/v1\/2026\/09\/06\/panama-roteiro-definitivo\/","url":"https:\/\/www.60maisturismo.com.br\/v1\/2026\/09\/06\/panama-roteiro-definitivo\/","name":"Panam\u00e1; roteiro definitivo - 60+ TURISMO \/\/","isPartOf":{"@id":"https:\/\/www.60maisturismo.com.br\/v1\/#website"},"datePublished":"2026-09-06T12:31:39+00:00","dateModified":"2026-09-06T12:31:39+00:00","author":{"@id":"https:\/\/www.60maisturismo.com.br\/v1\/#\/schema\/person\/bef96f08865f4227f234c5a355238415"},"description":"Panam\u00e1 em uma \u00fanica viagem: a vida urbana e a gastronomia da Cidade do Panam\u00e1, as praias e a cultura afro-caribenha de Bocas del Toro e as montanhas e aventuras de Boquete.","breadcrumb":{"@id":"https:\/\/www.60maisturismo.com.br\/v1\/2026\/09\/06\/panama-roteiro-definitivo\/#breadcrumb"},"inLanguage":"pt-BR","potentialAction":[{"@type":"ReadAction","target":["https:\/\/www.60maisturismo.com.br\/v1\/2026\/09\/06\/panama-roteiro-definitivo\/"]}]},{"@type":"BreadcrumbList","@id":"https:\/\/www.60maisturismo.com.br\/v1\/2026\/09\/06\/panama-roteiro-definitivo\/#breadcrumb","itemListElement":[{"@type":"ListItem","position":1,"name":"Home","item":"https:\/\/www.60maisturismo.com.br\/v1\/"},{"@type":"ListItem","position":2,"name":"Panam\u00e1; roteiro definitivo"}]},{"@type":"WebSite","@id":"https:\/\/www.60maisturismo.com.br\/v1\/#website","url":"https:\/\/www.60maisturismo.com.br\/v1\/","name":"60+ TURISMO \/\/","description":"","potentialAction":[{"@type":"SearchAction","target":{"@type":"EntryPoint","urlTemplate":"https:\/\/www.60maisturismo.com.br\/v1\/?s={search_term_string}"},"query-input":"required name=search_term_string"}],"inLanguage":"pt-BR"},{"@type":"Person","@id":"https:\/\/www.60maisturismo.com.br\/v1\/#\/schema\/person\/bef96f08865f4227f234c5a355238415","name":"Reda\u00e7\u00e3o","image":{"@type":"ImageObject","inLanguage":"pt-BR","@id":"https:\/\/www.60maisturismo.com.br\/v1\/#\/schema\/person\/image\/","url":"https:\/\/secure.gravatar.com\/avatar\/26414fc2418fd62c7533a680af5ed73a?s=96&d=mm&r=g","contentUrl":"https:\/\/secure.gravatar.com\/avatar\/26414fc2418fd62c7533a680af5ed73a?s=96&d=mm&r=g","caption":"Reda\u00e7\u00e3o"},"url":"https:\/\/www.60maisturismo.com.br\/v1\/author\/editor\/"}]}},"_links":{"self":[{"href":"https:\/\/www.60maisturismo.com.br\/v1\/wp-json\/wp\/v2\/posts\/10374"}],"collection":[{"href":"https:\/\/www.60maisturismo.com.br\/v1\/wp-json\/wp\/v2\/posts"}],"about":[{"href":"https:\/\/www.60maisturismo.com.br\/v1\/wp-json\/wp\/v2\/types\/post"}],"author":[{"embeddable":true,"href":"https:\/\/www.60maisturismo.com.br\/v1\/wp-json\/wp\/v2\/users\/3"}],"replies":[{"embeddable":true,"href":"https:\/\/www.60maisturismo.com.br\/v1\/wp-json\/wp\/v2\/comments?post=10374"}],"version-history":[{"count":1,"href":"https:\/\/www.60maisturismo.com.br\/v1\/wp-json\/wp\/v2\/posts\/10374\/revisions"}],"predecessor-version":[{"id":10376,"href":"https:\/\/www.60maisturismo.com.br\/v1\/wp-json\/wp\/v2\/posts\/10374\/revisions\/10376"}],"wp:featuredmedia":[{"embeddable":true,"href":"https:\/\/www.60maisturismo.com.br\/v1\/wp-json\/wp\/v2\/media\/10375"}],"wp:attachment":[{"href":"https:\/\/www.60maisturismo.com.br\/v1\/wp-json\/wp\/v2\/media?parent=10374"}],"wp:term":[{"taxonomy":"category","embeddable":true,"href":"https:\/\/www.60maisturismo.com.br\/v1\/wp-json\/wp\/v2\/categories?post=10374"},{"taxonomy":"post_tag","embeddable":true,"href":"https:\/\/www.60maisturismo.com.br\/v1\/wp-json\/wp\/v2\/tags?post=10374"}],"curies":[{"name":"wp","href":"https:\/\/api.w.org\/{rel}","templated":true}]}}