{"id":10358,"date":"2026-09-03T21:17:50","date_gmt":"2026-09-04T00:17:50","guid":{"rendered":"https:\/\/www.60maisturismo.com.br\/v1\/?p=10358"},"modified":"2026-09-03T21:18:27","modified_gmt":"2026-09-04T00:18:27","slug":"emirates-apresenta-o-primeiro-assento-eletrico-do-mundo","status":"publish","type":"post","link":"https:\/\/www.60maisturismo.com.br\/v1\/2026\/09\/03\/emirates-apresenta-o-primeiro-assento-eletrico-do-mundo\/","title":{"rendered":"Emirates apresenta o primeiro assento el\u00e9trico do mundo"},"content":{"rendered":"<p>A <strong>Emirates<\/strong> est\u00e1 aprimorando a experi\u00eancia de sua Premium Economy com o lan\u00e7amento do primeiro assento com ajuste el\u00e9trico do mundo para a categoria, que conta com uma divis\u00f3ria de privacidade retr\u00e1til entre as poltronas. A novidade, que estreia nas rec\u00e9m-recebidas aeronaves Airbus A350, combina inova\u00e7\u00e3o e conforto, oferecendo aos passageiros maior controle sobre o seu espa\u00e7o pessoal.<\/p>\n<p>O novo assento foi instalado na cabine do A350 em uma configura\u00e7\u00e3o 2-3-2, com apenas 28 lugares. A divis\u00f3ria el\u00e9trica se estende por toda a altura do encosto: um recurso in\u00e9dito em cabines Premium Economy no mercado. As poltronas t\u00eam 50,8 cm de largura e um espa\u00e7o para as pernas de at\u00e9 99 cm. Al\u00e9m disso, reclinam na posi\u00e7\u00e3o de ber\u00e7o sem invadir o espa\u00e7o da fileira de tr\u00e1s, permitindo que os passageiros durmam e relaxem com conforto durante o voo.<\/p>\n<p><strong>Como funciona<\/strong><br \/>\nOs passageiros podem levantar ou abaixar a divis\u00f3ria com facilidade por meio dos controles do assento e trav\u00e1-la na posi\u00e7\u00e3o desejada, criando um ambiente mais privativo para relaxar, comer ou trabalhar. O modelo marca o primeiro assento de Premium Economy totalmente el\u00e9trico da companhia, permitindo que os clientes ajustem sua posi\u00e7\u00e3o preferida ao toque de um bot\u00e3o por meio de uma unidade de controle integrada, que inclui configura\u00e7\u00f5es pr\u00e9-definidas, como os modos &#8220;lounge&#8221; e &#8220;refei\u00e7\u00e3o&#8221;.<\/p>\n<p><strong>Conforto ergon\u00f4mico<\/strong><br \/>\nO conforto foi ampliado com a introdu\u00e7\u00e3o do encosto de cabe\u00e7a U-Dream, da Safran Seats. Feito em couro, o apoio redesenhado oferece suporte para o pesco\u00e7o e a cabe\u00e7a, permitindo que os passageiros ajustem as abas em v\u00e1rias posi\u00e7\u00f5es. Um apoio para os p\u00e9s, tamb\u00e9m em couro e de acionamento manual, proporciona relaxamento extra e reduz a fadiga nas pernas.<\/p>\n<p>O carregamento sem fio tamb\u00e9m \u00e9 uma novidade na Premium Economy, permitindo que os passageiros carreguem dispositivos compat\u00edveis durante todo o trajeto. Cada assento possui portas USB-C e uma mesa com suporte integrado para celular, transformando os aparelhos pessoais em uma segunda tela conveniente durante as refei\u00e7\u00f5es ou momentos de entretenimento.<\/p>\n<p>&nbsp;<\/p>\n","protected":false},"excerpt":{"rendered":"<p>A Emirates est\u00e1 aprimorando a experi\u00eancia de sua Premium Economy com o lan\u00e7amento do primeiro assento com ajuste el\u00e9trico do mundo para a categoria, que conta com uma divis\u00f3ria de privacidade retr\u00e1til entre as poltronas. A novidade, que estreia nas rec\u00e9m-recebidas aeronaves Airbus A350, combina inova\u00e7\u00e3o e conforto, oferecendo aos passageiros maior controle sobre o &hellip;<\/p>\n","protected":false},"author":3,"featured_media":10359,"comment_status":"closed","ping_status":"closed","sticky":false,"template":"","format":"standard","meta":{"_links_to":"","_links_to_target":""},"categories":[1],"tags":[1122,1988],"yoast_head":"<!-- This site is optimized with the Yoast SEO plugin v20.8 - https:\/\/yoast.com\/wordpress\/plugins\/seo\/ -->\n<title>Emirates apresenta o primeiro assento el\u00e9trico do mundo - 60+ TURISMO \/\/<\/title>\n<meta name=\"description\" content=\"Emirates apresenta o primeiro assento el\u00e9trico do mundo para a Premium Economy\" \/>\n<meta name=\"robots\" content=\"index, follow, max-snippet:-1, max-image-preview:large, max-video-preview:-1\" \/>\n<link rel=\"canonical\" href=\"https:\/\/www.60maisturismo.com.br\/v1\/2026\/09\/03\/emirates-apresenta-o-primeiro-assento-eletrico-do-mundo\/\" \/>\n<meta property=\"og:locale\" content=\"pt_BR\" \/>\n<meta property=\"og:type\" content=\"article\" \/>\n<meta property=\"og:title\" content=\"Emirates apresenta o primeiro assento el\u00e9trico do mundo - 60+ TURISMO \/\/\" \/>\n<meta property=\"og:description\" content=\"Emirates apresenta o primeiro assento el\u00e9trico do mundo para a Premium Economy\" \/>\n<meta property=\"og:url\" content=\"https:\/\/www.60maisturismo.com.br\/v1\/2026\/09\/03\/emirates-apresenta-o-primeiro-assento-eletrico-do-mundo\/\" \/>\n<meta property=\"og:site_name\" content=\"60+ TURISMO \/\/\" \/>\n<meta property=\"article:published_time\" content=\"2026-09-04T00:17:50+00:00\" \/>\n<meta property=\"article:modified_time\" content=\"2026-09-04T00:18:27+00:00\" \/>\n<meta property=\"og:image\" content=\"https:\/\/www.60maisturismo.com.br\/v1\/wp-content\/uploads\/2026\/09\/unnamed-4.jpg\" \/>\n\t<meta property=\"og:image:width\" content=\"733\" \/>\n\t<meta property=\"og:image:height\" content=\"550\" \/>\n\t<meta property=\"og:image:type\" content=\"image\/jpeg\" \/>\n<meta name=\"author\" content=\"Reda\u00e7\u00e3o\" \/>\n<meta name=\"twitter:card\" content=\"summary_large_image\" \/>\n<meta name=\"twitter:label1\" content=\"Escrito por\" \/>\n\t<meta name=\"twitter:data1\" content=\"Reda\u00e7\u00e3o\" \/>\n\t<meta name=\"twitter:label2\" content=\"Est. tempo de leitura\" \/>\n\t<meta name=\"twitter:data2\" content=\"2 minutos\" \/>\n<script type=\"application\/ld+json\" class=\"yoast-schema-graph\">{\"@context\":\"https:\/\/schema.org\",\"@graph\":[{\"@type\":\"WebPage\",\"@id\":\"https:\/\/www.60maisturismo.com.br\/v1\/2026\/09\/03\/emirates-apresenta-o-primeiro-assento-eletrico-do-mundo\/\",\"url\":\"https:\/\/www.60maisturismo.com.br\/v1\/2026\/09\/03\/emirates-apresenta-o-primeiro-assento-eletrico-do-mundo\/\",\"name\":\"Emirates apresenta o primeiro assento el\u00e9trico do mundo - 60+ TURISMO \/\/\",\"isPartOf\":{\"@id\":\"https:\/\/www.60maisturismo.com.br\/v1\/#website\"},\"datePublished\":\"2026-09-04T00:17:50+00:00\",\"dateModified\":\"2026-09-04T00:18:27+00:00\",\"author\":{\"@id\":\"https:\/\/www.60maisturismo.com.br\/v1\/#\/schema\/person\/bef96f08865f4227f234c5a355238415\"},\"description\":\"Emirates apresenta o primeiro assento el\u00e9trico do mundo para a Premium Economy\",\"breadcrumb\":{\"@id\":\"https:\/\/www.60maisturismo.com.br\/v1\/2026\/09\/03\/emirates-apresenta-o-primeiro-assento-eletrico-do-mundo\/#breadcrumb\"},\"inLanguage\":\"pt-BR\",\"potentialAction\":[{\"@type\":\"ReadAction\",\"target\":[\"https:\/\/www.60maisturismo.com.br\/v1\/2026\/09\/03\/emirates-apresenta-o-primeiro-assento-eletrico-do-mundo\/\"]}]},{\"@type\":\"BreadcrumbList\",\"@id\":\"https:\/\/www.60maisturismo.com.br\/v1\/2026\/09\/03\/emirates-apresenta-o-primeiro-assento-eletrico-do-mundo\/#breadcrumb\",\"itemListElement\":[{\"@type\":\"ListItem\",\"position\":1,\"name\":\"Home\",\"item\":\"https:\/\/www.60maisturismo.com.br\/v1\/\"},{\"@type\":\"ListItem\",\"position\":2,\"name\":\"Emirates apresenta o primeiro assento el\u00e9trico do mundo\"}]},{\"@type\":\"WebSite\",\"@id\":\"https:\/\/www.60maisturismo.com.br\/v1\/#website\",\"url\":\"https:\/\/www.60maisturismo.com.br\/v1\/\",\"name\":\"60+ TURISMO \/\/\",\"description\":\"\",\"potentialAction\":[{\"@type\":\"SearchAction\",\"target\":{\"@type\":\"EntryPoint\",\"urlTemplate\":\"https:\/\/www.60maisturismo.com.br\/v1\/?s={search_term_string}\"},\"query-input\":\"required name=search_term_string\"}],\"inLanguage\":\"pt-BR\"},{\"@type\":\"Person\",\"@id\":\"https:\/\/www.60maisturismo.com.br\/v1\/#\/schema\/person\/bef96f08865f4227f234c5a355238415\",\"name\":\"Reda\u00e7\u00e3o\",\"image\":{\"@type\":\"ImageObject\",\"inLanguage\":\"pt-BR\",\"@id\":\"https:\/\/www.60maisturismo.com.br\/v1\/#\/schema\/person\/image\/\",\"url\":\"https:\/\/secure.gravatar.com\/avatar\/26414fc2418fd62c7533a680af5ed73a?s=96&d=mm&r=g\",\"contentUrl\":\"https:\/\/secure.gravatar.com\/avatar\/26414fc2418fd62c7533a680af5ed73a?s=96&d=mm&r=g\",\"caption\":\"Reda\u00e7\u00e3o\"},\"url\":\"https:\/\/www.60maisturismo.com.br\/v1\/author\/editor\/\"}]}<\/script>\n<!-- \/ Yoast SEO plugin. -->","yoast_head_json":{"title":"Emirates apresenta o primeiro assento el\u00e9trico do mundo - 60+ TURISMO \/\/","description":"Emirates apresenta o primeiro assento el\u00e9trico do mundo para a Premium Economy","robots":{"index":"index","follow":"follow","max-snippet":"max-snippet:-1","max-image-preview":"max-image-preview:large","max-video-preview":"max-video-preview:-1"},"canonical":"https:\/\/www.60maisturismo.com.br\/v1\/2026\/09\/03\/emirates-apresenta-o-primeiro-assento-eletrico-do-mundo\/","og_locale":"pt_BR","og_type":"article","og_title":"Emirates apresenta o primeiro assento el\u00e9trico do mundo - 60+ TURISMO \/\/","og_description":"Emirates apresenta o primeiro assento el\u00e9trico do mundo para a Premium Economy","og_url":"https:\/\/www.60maisturismo.com.br\/v1\/2026\/09\/03\/emirates-apresenta-o-primeiro-assento-eletrico-do-mundo\/","og_site_name":"60+ TURISMO \/\/","article_published_time":"2026-09-04T00:17:50+00:00","article_modified_time":"2026-09-04T00:18:27+00:00","og_image":[{"width":733,"height":550,"url":"https:\/\/www.60maisturismo.com.br\/v1\/wp-content\/uploads\/2026\/09\/unnamed-4.jpg","type":"image\/jpeg"}],"author":"Reda\u00e7\u00e3o","twitter_card":"summary_large_image","twitter_misc":{"Escrito por":"Reda\u00e7\u00e3o","Est. tempo de leitura":"2 minutos"},"schema":{"@context":"https:\/\/schema.org","@graph":[{"@type":"WebPage","@id":"https:\/\/www.60maisturismo.com.br\/v1\/2026\/09\/03\/emirates-apresenta-o-primeiro-assento-eletrico-do-mundo\/","url":"https:\/\/www.60maisturismo.com.br\/v1\/2026\/09\/03\/emirates-apresenta-o-primeiro-assento-eletrico-do-mundo\/","name":"Emirates apresenta o primeiro assento el\u00e9trico do mundo - 60+ TURISMO \/\/","isPartOf":{"@id":"https:\/\/www.60maisturismo.com.br\/v1\/#website"},"datePublished":"2026-09-04T00:17:50+00:00","dateModified":"2026-09-04T00:18:27+00:00","author":{"@id":"https:\/\/www.60maisturismo.com.br\/v1\/#\/schema\/person\/bef96f08865f4227f234c5a355238415"},"description":"Emirates apresenta o primeiro assento el\u00e9trico do mundo para a Premium Economy","breadcrumb":{"@id":"https:\/\/www.60maisturismo.com.br\/v1\/2026\/09\/03\/emirates-apresenta-o-primeiro-assento-eletrico-do-mundo\/#breadcrumb"},"inLanguage":"pt-BR","potentialAction":[{"@type":"ReadAction","target":["https:\/\/www.60maisturismo.com.br\/v1\/2026\/09\/03\/emirates-apresenta-o-primeiro-assento-eletrico-do-mundo\/"]}]},{"@type":"BreadcrumbList","@id":"https:\/\/www.60maisturismo.com.br\/v1\/2026\/09\/03\/emirates-apresenta-o-primeiro-assento-eletrico-do-mundo\/#breadcrumb","itemListElement":[{"@type":"ListItem","position":1,"name":"Home","item":"https:\/\/www.60maisturismo.com.br\/v1\/"},{"@type":"ListItem","position":2,"name":"Emirates apresenta o primeiro assento el\u00e9trico do mundo"}]},{"@type":"WebSite","@id":"https:\/\/www.60maisturismo.com.br\/v1\/#website","url":"https:\/\/www.60maisturismo.com.br\/v1\/","name":"60+ TURISMO \/\/","description":"","potentialAction":[{"@type":"SearchAction","target":{"@type":"EntryPoint","urlTemplate":"https:\/\/www.60maisturismo.com.br\/v1\/?s={search_term_string}"},"query-input":"required name=search_term_string"}],"inLanguage":"pt-BR"},{"@type":"Person","@id":"https:\/\/www.60maisturismo.com.br\/v1\/#\/schema\/person\/bef96f08865f4227f234c5a355238415","name":"Reda\u00e7\u00e3o","image":{"@type":"ImageObject","inLanguage":"pt-BR","@id":"https:\/\/www.60maisturismo.com.br\/v1\/#\/schema\/person\/image\/","url":"https:\/\/secure.gravatar.com\/avatar\/26414fc2418fd62c7533a680af5ed73a?s=96&d=mm&r=g","contentUrl":"https:\/\/secure.gravatar.com\/avatar\/26414fc2418fd62c7533a680af5ed73a?s=96&d=mm&r=g","caption":"Reda\u00e7\u00e3o"},"url":"https:\/\/www.60maisturismo.com.br\/v1\/author\/editor\/"}]}},"_links":{"self":[{"href":"https:\/\/www.60maisturismo.com.br\/v1\/wp-json\/wp\/v2\/posts\/10358"}],"collection":[{"href":"https:\/\/www.60maisturismo.com.br\/v1\/wp-json\/wp\/v2\/posts"}],"about":[{"href":"https:\/\/www.60maisturismo.com.br\/v1\/wp-json\/wp\/v2\/types\/post"}],"author":[{"embeddable":true,"href":"https:\/\/www.60maisturismo.com.br\/v1\/wp-json\/wp\/v2\/users\/3"}],"replies":[{"embeddable":true,"href":"https:\/\/www.60maisturismo.com.br\/v1\/wp-json\/wp\/v2\/comments?post=10358"}],"version-history":[{"count":1,"href":"https:\/\/www.60maisturismo.com.br\/v1\/wp-json\/wp\/v2\/posts\/10358\/revisions"}],"predecessor-version":[{"id":10360,"href":"https:\/\/www.60maisturismo.com.br\/v1\/wp-json\/wp\/v2\/posts\/10358\/revisions\/10360"}],"wp:featuredmedia":[{"embeddable":true,"href":"https:\/\/www.60maisturismo.com.br\/v1\/wp-json\/wp\/v2\/media\/10359"}],"wp:attachment":[{"href":"https:\/\/www.60maisturismo.com.br\/v1\/wp-json\/wp\/v2\/media?parent=10358"}],"wp:term":[{"taxonomy":"category","embeddable":true,"href":"https:\/\/www.60maisturismo.com.br\/v1\/wp-json\/wp\/v2\/categories?post=10358"},{"taxonomy":"post_tag","embeddable":true,"href":"https:\/\/www.60maisturismo.com.br\/v1\/wp-json\/wp\/v2\/tags?post=10358"}],"curies":[{"name":"wp","href":"https:\/\/api.w.org\/{rel}","templated":true}]}}