{"id":10348,"date":"2026-09-02T15:26:00","date_gmt":"2026-09-02T18:26:00","guid":{"rendered":"https:\/\/www.60maisturismo.com.br\/v1\/?p=10348"},"modified":"2026-09-02T15:26:00","modified_gmt":"2026-09-02T18:26:00","slug":"festa-do-queijo-do-serro","status":"publish","type":"post","link":"https:\/\/www.60maisturismo.com.br\/v1\/2026\/09\/02\/festa-do-queijo-do-serro\/","title":{"rendered":"Festa do Queijo do Serro"},"content":{"rendered":"<p>A tradicional Festa do <strong>Queijo do Serro<\/strong> teve in\u00edcio no dia 29 de agosto, na pra\u00e7a principal do munic\u00edpio, reunindo moradores, visitantes e turistas em uma programa\u00e7\u00e3o dedicada a um dos maiores s\u00edmbolos da identidade local. Conhecida como Terra do Queijo, a cidade recebeu o p\u00fablico para um dia marcado por gastronomia, m\u00fasica, cultura e valoriza\u00e7\u00e3o das tradi\u00e7\u00f5es que atravessam gera\u00e7\u00f5es.<\/p>\n<p>Um dos grandes destaques da programa\u00e7\u00e3o foi a 4\u00aa Degusta\u00e7\u00e3o Popular do Queijo Minas Artesanal da Regi\u00e3o do Serro, que reuniu 47 queijos em uma verdadeira disputa de paladar. A iniciativa representa a diversidade e a qualidade da produ\u00e7\u00e3o artesanal de uma regi\u00e3o que re\u00fane 16 munic\u00edpios, todos ligados \u00e0 tradi\u00e7\u00e3o do queijo que se tornou um dos principais s\u00edmbolos da gastronomia mineira.<\/p>\n<p>A degusta\u00e7\u00e3o proporcionou ao p\u00fablico a oportunidade de conhecer diferentes caracter\u00edsticas, sabores e particularidades dos queijos produzidos na regi\u00e3o, aproximando produtores, moradores e visitantes e refor\u00e7ando a import\u00e2ncia da valoriza\u00e7\u00e3o da produ\u00e7\u00e3o artesanal.<\/p>\n<p>Outro momento especial da programa\u00e7\u00e3o foi realizado pela primeira vez durante a Festa do Queijo: a produ\u00e7\u00e3o de um queijo ao vivo. A iniciativa apresentou ao p\u00fablico, passo a passo, todo o processo de confec\u00e7\u00e3o do produto, permitindo acompanhar de perto o modo artesanal de fazer o queijo que integra o patrim\u00f4nio cultural da regi\u00e3o e foi reconhecido pela Unesco como Patrim\u00f4nio Cultural Imaterial da Humanidade.<\/p>\n<p>As atividades come\u00e7aram pela manh\u00e3, com o festival gastron\u00f4mico e muita m\u00fasica, criando o cen\u00e1rio ideal para quem aprecia o queijo artesanal e a tradicional hospitalidade mineira. Ao longo do dia, a programa\u00e7\u00e3o contou ainda com apresenta\u00e7\u00f5es de teatro, workshops, oficinas e o tradicional concurso de queijos, que destacou a qualidade e a diversidade da produ\u00e7\u00e3o regional.<\/p>\n<p>A programa\u00e7\u00e3o tamb\u00e9m foi marcada pela tradicional cavalgada e pelo desfile das rainhas da Festa do Queijo, momentos que refor\u00e7am a liga\u00e7\u00e3o do evento com a hist\u00f3ria e os costumes do munic\u00edpio. A celebra\u00e7\u00e3o ter\u00e1 um novo momento de destaque no dia 11 de setembro, no Parque de Exposi\u00e7\u00f5es, quando ser\u00e1 realizada a escolha da Rainha da Festa do Queijo.<\/p>\n<p>\u201cO queijo precisa da nossa valoriza\u00e7\u00e3o. \u00c9 o produto que leva o nome do Serro pelo mundo afora e faz parte do nosso patrim\u00f4nio. \u00c9 uma maneira de preservar modos de fazer e fortalecer nossa identidade. O Serro se orgulha desse t\u00edtulo: somos a Terra do Queijo e convidamos todos a conhecerem nossa cidade\u201d, destaca Grasiele Reis, Secret\u00e1ria Municipal de Cultura, Turismo e Patrim\u00f4nio de Serro.<\/p>\n<p>As comemora\u00e7\u00f5es continuam entre os dias 11 e 13 de setembro, quando o Serro volta a receber moradores e turistas para uma programa\u00e7\u00e3o especial. Entre as atra\u00e7\u00f5es musicais est\u00e3o os shows de Bruno &amp; Marrone e Felipe &amp; Rodrigo, al\u00e9m de novas oportunidades para o p\u00fablico degustar e conhecer os queijos produzidos na regi\u00e3o. Durante os dias de festa, a cidade se transforma em um grande ponto de encontro entre gastronomia, arte, m\u00fasica e tradi\u00e7\u00e3o.<\/p>\n<p>Al\u00e9m de celebrar a cultura e a produ\u00e7\u00e3o artesanal, a Festa do Queijo tamb\u00e9m exerce papel importante na economia do munic\u00edpio. O evento movimenta bares, restaurantes, hot\u00e9is, pousadas, com\u00e9rcio e diferentes setores da cadeia de servi\u00e7os, al\u00e9m de gerar oportunidades de trabalho para a popula\u00e7\u00e3o local.<\/p>\n<p>\u201cO evento movimenta a economia local, gera empregos e aquece a rede hoteleira e de pousadas, muitas em ocupa\u00e7\u00e3o plena. Ver o Serro em festa \u00e9 ver a cidade inteira trabalhando e se desenvolvendo. A Festa do Queijo \u00e9 uma celebra\u00e7\u00e3o que valoriza nossa hist\u00f3ria, nossa produ\u00e7\u00e3o e as pessoas que fazem parte dela. Convidamos todo mundo a vir celebrar conosco\u201d, afirma Nondas Miranda, Prefeito Municipal do Serro.<\/p>\n<p>Entre as novidades da programa\u00e7\u00e3o est\u00e1 o camarote assinado pela Pulsar e pela 2Z Produ\u00e7\u00f5es, que promete oferecer uma experi\u00eancia diferenciada ao p\u00fablico durante os dias de festa. O espa\u00e7o contar\u00e1 com seis horas de open bar, pra\u00e7a de alimenta\u00e7\u00e3o, espa\u00e7o beleza e \u00e1rea exclusiva para os shows, reunindo conforto e entretenimento em um ambiente reservado.<\/p>\n<p>Segundo Ricardo Luizz, produtor e s\u00f3cio do camarote, a estrutura tamb\u00e9m foi pensada para contribuir com o desenvolvimento da economia local. \u201cO camarote \u00e9 um setor estrat\u00e9gico para valorizar o evento e atrair novos p\u00fablicos. Tamb\u00e9m priorizamos m\u00e3o de obra local para que os recursos circulem no munic\u00edpio e beneficiem nossa gente\u201d, afirmou.<\/p>\n<p>Os ingressos para a programa\u00e7\u00e3o est\u00e3o dispon\u00edveis online pela plataforma Central Eventos. Com tradi\u00e7\u00e3o, sabores e atra\u00e7\u00f5es para diferentes p\u00fablicos, a Festa do Queijo do Serro convida visitantes de diferentes lugares a conhecerem de perto a cidade que carrega em sua hist\u00f3ria uma das mais importantes tradi\u00e7\u00f5es gastron\u00f4micas de Minas Gerais.<\/p>\n<p>Na Terra do Queijo, a festa \u00e9 tamb\u00e9m um convite para experimentar, celebrar e conhecer uma cultura que faz parte da hist\u00f3ria do Serro. At\u00e9 setembro, o munic\u00edpio segue de portas abertas para receber quem quiser provar, dan\u00e7ar e viver essa experi\u00eancia.<\/p>\n","protected":false},"excerpt":{"rendered":"<p>A tradicional Festa do Queijo do Serro teve in\u00edcio no dia 29 de agosto, na pra\u00e7a principal do munic\u00edpio, reunindo moradores, visitantes e turistas em uma programa\u00e7\u00e3o dedicada a um dos maiores s\u00edmbolos da identidade local. Conhecida como Terra do Queijo, a cidade recebeu o p\u00fablico para um dia marcado por gastronomia, m\u00fasica, cultura e &hellip;<\/p>\n","protected":false},"author":3,"featured_media":10350,"comment_status":"closed","ping_status":"closed","sticky":false,"template":"","format":"standard","meta":{"_links_to":"","_links_to_target":""},"categories":[54],"tags":[182,177,1982,183],"yoast_head":"<!-- This site is optimized with the Yoast SEO plugin v20.8 - https:\/\/yoast.com\/wordpress\/plugins\/seo\/ -->\n<title>Festa do Queijo do Serro - 60+ TURISMO \/\/<\/title>\n<meta name=\"description\" content=\"Festa do Queijo do Serro celebra sabores, cultura e tradi\u00e7\u00e3o com programa\u00e7\u00e3o especial at\u00e9 setembro\" \/>\n<meta name=\"robots\" content=\"index, follow, max-snippet:-1, max-image-preview:large, max-video-preview:-1\" \/>\n<link rel=\"canonical\" href=\"https:\/\/www.60maisturismo.com.br\/v1\/2026\/09\/02\/festa-do-queijo-do-serro\/\" \/>\n<meta property=\"og:locale\" content=\"pt_BR\" \/>\n<meta property=\"og:type\" content=\"article\" \/>\n<meta property=\"og:title\" content=\"Festa do Queijo do Serro - 60+ TURISMO \/\/\" \/>\n<meta property=\"og:description\" content=\"Festa do Queijo do Serro celebra sabores, cultura e tradi\u00e7\u00e3o com programa\u00e7\u00e3o especial at\u00e9 setembro\" \/>\n<meta property=\"og:url\" content=\"https:\/\/www.60maisturismo.com.br\/v1\/2026\/09\/02\/festa-do-queijo-do-serro\/\" \/>\n<meta property=\"og:site_name\" content=\"60+ TURISMO \/\/\" \/>\n<meta property=\"article:published_time\" content=\"2026-09-02T18:26:00+00:00\" \/>\n<meta property=\"og:image\" content=\"https:\/\/www.60maisturismo.com.br\/v1\/wp-content\/uploads\/2026\/09\/unnamed-7.jpg\" \/>\n\t<meta property=\"og:image:width\" content=\"770\" \/>\n\t<meta property=\"og:image:height\" content=\"513\" \/>\n\t<meta property=\"og:image:type\" content=\"image\/jpeg\" \/>\n<meta name=\"author\" content=\"Reda\u00e7\u00e3o\" \/>\n<meta name=\"twitter:card\" content=\"summary_large_image\" \/>\n<meta name=\"twitter:label1\" content=\"Escrito por\" \/>\n\t<meta name=\"twitter:data1\" content=\"Reda\u00e7\u00e3o\" \/>\n\t<meta name=\"twitter:label2\" content=\"Est. tempo de leitura\" \/>\n\t<meta name=\"twitter:data2\" content=\"5 minutos\" \/>\n<script type=\"application\/ld+json\" class=\"yoast-schema-graph\">{\"@context\":\"https:\/\/schema.org\",\"@graph\":[{\"@type\":\"WebPage\",\"@id\":\"https:\/\/www.60maisturismo.com.br\/v1\/2026\/09\/02\/festa-do-queijo-do-serro\/\",\"url\":\"https:\/\/www.60maisturismo.com.br\/v1\/2026\/09\/02\/festa-do-queijo-do-serro\/\",\"name\":\"Festa do Queijo do Serro - 60+ TURISMO \/\/\",\"isPartOf\":{\"@id\":\"https:\/\/www.60maisturismo.com.br\/v1\/#website\"},\"datePublished\":\"2026-09-02T18:26:00+00:00\",\"dateModified\":\"2026-09-02T18:26:00+00:00\",\"author\":{\"@id\":\"https:\/\/www.60maisturismo.com.br\/v1\/#\/schema\/person\/bef96f08865f4227f234c5a355238415\"},\"description\":\"Festa do Queijo do Serro celebra sabores, cultura e tradi\u00e7\u00e3o com programa\u00e7\u00e3o especial at\u00e9 setembro\",\"breadcrumb\":{\"@id\":\"https:\/\/www.60maisturismo.com.br\/v1\/2026\/09\/02\/festa-do-queijo-do-serro\/#breadcrumb\"},\"inLanguage\":\"pt-BR\",\"potentialAction\":[{\"@type\":\"ReadAction\",\"target\":[\"https:\/\/www.60maisturismo.com.br\/v1\/2026\/09\/02\/festa-do-queijo-do-serro\/\"]}]},{\"@type\":\"BreadcrumbList\",\"@id\":\"https:\/\/www.60maisturismo.com.br\/v1\/2026\/09\/02\/festa-do-queijo-do-serro\/#breadcrumb\",\"itemListElement\":[{\"@type\":\"ListItem\",\"position\":1,\"name\":\"Home\",\"item\":\"https:\/\/www.60maisturismo.com.br\/v1\/\"},{\"@type\":\"ListItem\",\"position\":2,\"name\":\"Festa do Queijo do Serro\"}]},{\"@type\":\"WebSite\",\"@id\":\"https:\/\/www.60maisturismo.com.br\/v1\/#website\",\"url\":\"https:\/\/www.60maisturismo.com.br\/v1\/\",\"name\":\"60+ TURISMO \/\/\",\"description\":\"\",\"potentialAction\":[{\"@type\":\"SearchAction\",\"target\":{\"@type\":\"EntryPoint\",\"urlTemplate\":\"https:\/\/www.60maisturismo.com.br\/v1\/?s={search_term_string}\"},\"query-input\":\"required name=search_term_string\"}],\"inLanguage\":\"pt-BR\"},{\"@type\":\"Person\",\"@id\":\"https:\/\/www.60maisturismo.com.br\/v1\/#\/schema\/person\/bef96f08865f4227f234c5a355238415\",\"name\":\"Reda\u00e7\u00e3o\",\"image\":{\"@type\":\"ImageObject\",\"inLanguage\":\"pt-BR\",\"@id\":\"https:\/\/www.60maisturismo.com.br\/v1\/#\/schema\/person\/image\/\",\"url\":\"https:\/\/secure.gravatar.com\/avatar\/26414fc2418fd62c7533a680af5ed73a?s=96&d=mm&r=g\",\"contentUrl\":\"https:\/\/secure.gravatar.com\/avatar\/26414fc2418fd62c7533a680af5ed73a?s=96&d=mm&r=g\",\"caption\":\"Reda\u00e7\u00e3o\"},\"url\":\"https:\/\/www.60maisturismo.com.br\/v1\/author\/editor\/\"}]}<\/script>\n<!-- \/ Yoast SEO plugin. -->","yoast_head_json":{"title":"Festa do Queijo do Serro - 60+ TURISMO \/\/","description":"Festa do Queijo do Serro celebra sabores, cultura e tradi\u00e7\u00e3o com programa\u00e7\u00e3o especial at\u00e9 setembro","robots":{"index":"index","follow":"follow","max-snippet":"max-snippet:-1","max-image-preview":"max-image-preview:large","max-video-preview":"max-video-preview:-1"},"canonical":"https:\/\/www.60maisturismo.com.br\/v1\/2026\/09\/02\/festa-do-queijo-do-serro\/","og_locale":"pt_BR","og_type":"article","og_title":"Festa do Queijo do Serro - 60+ TURISMO \/\/","og_description":"Festa do Queijo do Serro celebra sabores, cultura e tradi\u00e7\u00e3o com programa\u00e7\u00e3o especial at\u00e9 setembro","og_url":"https:\/\/www.60maisturismo.com.br\/v1\/2026\/09\/02\/festa-do-queijo-do-serro\/","og_site_name":"60+ TURISMO \/\/","article_published_time":"2026-09-02T18:26:00+00:00","og_image":[{"width":770,"height":513,"url":"https:\/\/www.60maisturismo.com.br\/v1\/wp-content\/uploads\/2026\/09\/unnamed-7.jpg","type":"image\/jpeg"}],"author":"Reda\u00e7\u00e3o","twitter_card":"summary_large_image","twitter_misc":{"Escrito por":"Reda\u00e7\u00e3o","Est. tempo de leitura":"5 minutos"},"schema":{"@context":"https:\/\/schema.org","@graph":[{"@type":"WebPage","@id":"https:\/\/www.60maisturismo.com.br\/v1\/2026\/09\/02\/festa-do-queijo-do-serro\/","url":"https:\/\/www.60maisturismo.com.br\/v1\/2026\/09\/02\/festa-do-queijo-do-serro\/","name":"Festa do Queijo do Serro - 60+ TURISMO \/\/","isPartOf":{"@id":"https:\/\/www.60maisturismo.com.br\/v1\/#website"},"datePublished":"2026-09-02T18:26:00+00:00","dateModified":"2026-09-02T18:26:00+00:00","author":{"@id":"https:\/\/www.60maisturismo.com.br\/v1\/#\/schema\/person\/bef96f08865f4227f234c5a355238415"},"description":"Festa do Queijo do Serro celebra sabores, cultura e tradi\u00e7\u00e3o com programa\u00e7\u00e3o especial at\u00e9 setembro","breadcrumb":{"@id":"https:\/\/www.60maisturismo.com.br\/v1\/2026\/09\/02\/festa-do-queijo-do-serro\/#breadcrumb"},"inLanguage":"pt-BR","potentialAction":[{"@type":"ReadAction","target":["https:\/\/www.60maisturismo.com.br\/v1\/2026\/09\/02\/festa-do-queijo-do-serro\/"]}]},{"@type":"BreadcrumbList","@id":"https:\/\/www.60maisturismo.com.br\/v1\/2026\/09\/02\/festa-do-queijo-do-serro\/#breadcrumb","itemListElement":[{"@type":"ListItem","position":1,"name":"Home","item":"https:\/\/www.60maisturismo.com.br\/v1\/"},{"@type":"ListItem","position":2,"name":"Festa do Queijo do Serro"}]},{"@type":"WebSite","@id":"https:\/\/www.60maisturismo.com.br\/v1\/#website","url":"https:\/\/www.60maisturismo.com.br\/v1\/","name":"60+ TURISMO \/\/","description":"","potentialAction":[{"@type":"SearchAction","target":{"@type":"EntryPoint","urlTemplate":"https:\/\/www.60maisturismo.com.br\/v1\/?s={search_term_string}"},"query-input":"required name=search_term_string"}],"inLanguage":"pt-BR"},{"@type":"Person","@id":"https:\/\/www.60maisturismo.com.br\/v1\/#\/schema\/person\/bef96f08865f4227f234c5a355238415","name":"Reda\u00e7\u00e3o","image":{"@type":"ImageObject","inLanguage":"pt-BR","@id":"https:\/\/www.60maisturismo.com.br\/v1\/#\/schema\/person\/image\/","url":"https:\/\/secure.gravatar.com\/avatar\/26414fc2418fd62c7533a680af5ed73a?s=96&d=mm&r=g","contentUrl":"https:\/\/secure.gravatar.com\/avatar\/26414fc2418fd62c7533a680af5ed73a?s=96&d=mm&r=g","caption":"Reda\u00e7\u00e3o"},"url":"https:\/\/www.60maisturismo.com.br\/v1\/author\/editor\/"}]}},"_links":{"self":[{"href":"https:\/\/www.60maisturismo.com.br\/v1\/wp-json\/wp\/v2\/posts\/10348"}],"collection":[{"href":"https:\/\/www.60maisturismo.com.br\/v1\/wp-json\/wp\/v2\/posts"}],"about":[{"href":"https:\/\/www.60maisturismo.com.br\/v1\/wp-json\/wp\/v2\/types\/post"}],"author":[{"embeddable":true,"href":"https:\/\/www.60maisturismo.com.br\/v1\/wp-json\/wp\/v2\/users\/3"}],"replies":[{"embeddable":true,"href":"https:\/\/www.60maisturismo.com.br\/v1\/wp-json\/wp\/v2\/comments?post=10348"}],"version-history":[{"count":2,"href":"https:\/\/www.60maisturismo.com.br\/v1\/wp-json\/wp\/v2\/posts\/10348\/revisions"}],"predecessor-version":[{"id":10351,"href":"https:\/\/www.60maisturismo.com.br\/v1\/wp-json\/wp\/v2\/posts\/10348\/revisions\/10351"}],"wp:featuredmedia":[{"embeddable":true,"href":"https:\/\/www.60maisturismo.com.br\/v1\/wp-json\/wp\/v2\/media\/10350"}],"wp:attachment":[{"href":"https:\/\/www.60maisturismo.com.br\/v1\/wp-json\/wp\/v2\/media?parent=10348"}],"wp:term":[{"taxonomy":"category","embeddable":true,"href":"https:\/\/www.60maisturismo.com.br\/v1\/wp-json\/wp\/v2\/categories?post=10348"},{"taxonomy":"post_tag","embeddable":true,"href":"https:\/\/www.60maisturismo.com.br\/v1\/wp-json\/wp\/v2\/tags?post=10348"}],"curies":[{"name":"wp","href":"https:\/\/api.w.org\/{rel}","templated":true}]}}