{"id":10346,"date":"2026-09-02T10:18:29","date_gmt":"2026-09-02T13:18:29","guid":{"rendered":"https:\/\/www.60maisturismo.com.br\/v1\/?p=10346"},"modified":"2026-09-02T10:18:29","modified_gmt":"2026-09-02T13:18:29","slug":"sao-paulo-na-primavera","status":"publish","type":"post","link":"https:\/\/www.60maisturismo.com.br\/v1\/2026\/09\/02\/sao-paulo-na-primavera\/","title":{"rendered":"S\u00e3o Paulo na primavera"},"content":{"rendered":"<p>Com a chegada da primavera, <strong>S\u00e3o Paulo<\/strong> ganha um convite a mais para ser explorada fora dos ambientes fechados. Os dias de temperaturas mais agrad\u00e1veis favorecem caminhadas, visitas a parques, refei\u00e7\u00f5es em \u00e1reas abertas e roteiros que combinam cultura, gastronomia e contato com a natureza. Para quem visita a capital a lazer ou mesmo a trabalho, a esta\u00e7\u00e3o pode ser uma oportunidade de reservar algumas horas da agenda para conhecer diferentes regi\u00f5es da cidade.<\/p>\n<p>Um dos programas mais tradicionais \u00e9 aproveitar as \u00e1reas verdes paulistanas. O Parque Ibirapuera segue como um dos principais cart\u00f5es-postais da capital e permite combinar caminhada, corrida, passeio de bicicleta, piquenique e visitas aos equipamentos culturais em seu entorno. Entre eles est\u00e1 o Museu de Arte Moderna de S\u00e3o Paulo (MAM), que amplia as possibilidades do passeio ao unir arte, cultura e atividades ao ar livre em uma mesma programa\u00e7\u00e3o.<\/p>\n<p>Uma alternativa \u00e9 o Parque Burle Marx, no Morumbi, que re\u00fane pista para caminhada, trilhas em meio \u00e0 mata e \u00e1reas de descanso, oferecendo uma experi\u00eancia mais pr\u00f3xima da natureza em plena metr\u00f3pole. Na Zona Sul, o Parque Severo Gomes, na Granja Julieta, tamb\u00e9m \u00e9 uma op\u00e7\u00e3o para quem procura um passeio tranquilo, com \u00e1reas verdes para caminhadas e momentos de descanso.<\/p>\n<p><strong>Caminhar pela Paulista e combinar cultura e gastronomia<\/strong><\/p>\n<p>A primavera tamb\u00e9m \u00e9 um bom momento para explorar S\u00e3o Paulo a p\u00e9. Na Avenida Paulista, por exemplo, \u00e9 poss\u00edvel montar um roteiro que intercala caminhada, cultura e gastronomia. Entre uma parada e outra em caf\u00e9s e restaurantes, o visitante encontra institui\u00e7\u00f5es como o MASP, a Japan House S\u00e3o Paulo e o Instituto Moreira Salles.<\/p>\n<p>O passeio pode continuar pelas ruas dos Jardins ou seguir em dire\u00e7\u00e3o a bairros como Pinheiros e Vila Madalena, que concentram restaurantes, caf\u00e9s, bares e outros estabelecimentos com mesas e \u00e1reas externas. A proposta \u00e9 aproveitar o clima mais ameno sem necessariamente seguir um roteiro r\u00edgido: caminhar, conhecer novos endere\u00e7os e fazer pequenas paradas ao longo do percurso tamb\u00e9m s\u00e3o formas de descobrir a cidade.<\/p>\n<p><strong>Um dia para conhecer diferentes lados de S\u00e3o Paulo<\/strong><\/p>\n<p>Para quem tem mais tempo, uma dica \u00e9 organizar a programa\u00e7\u00e3o por regi\u00f5es, evitando deslocamentos excessivos. Uma manh\u00e3 em um parque pode ser seguida por almo\u00e7o em um bairro pr\u00f3ximo e, durante a tarde, por uma exposi\u00e7\u00e3o ou visita a um centro cultural. No fim do dia, ruas arborizadas, caf\u00e9s, restaurantes e espa\u00e7os abertos ajudam a completar a experi\u00eancia.<\/p>\n<p>Para quem chega \u00e0 cidade a trabalho, esses passeios tamb\u00e9m podem ser incorporados antes ou depois dos compromissos profissionais. Outra possibilidade \u00e9 aproveitar uma viagem corporativa para estender a estadia at\u00e9 o fim de semana e reservar um per\u00edodo exclusivamente para conhecer S\u00e3o Paulo. A combina\u00e7\u00e3o entre \u00e1reas verdes, cultura e gastronomia permite explorar diferentes faces da capital mesmo em uma passagem curta.<\/p>\n<p><strong>Hospedagem, bem-estar e cultura na Zona Sul<\/strong><\/p>\n<p>Localizado na regi\u00e3o da Ch\u00e1cara Santo Ant\u00f4nio, o Transamerica Executive Ch\u00e1cara Santo Ant\u00f4nio \u00e9 uma op\u00e7\u00e3o de hospedagem para quem visita S\u00e3o Paulo e deseja conciliar compromissos na cidade com momentos de lazer. Al\u00e9m da localiza\u00e7\u00e3o privilegiada, os h\u00f3spedes contam com acomoda\u00e7\u00f5es confort\u00e1veis, estrutura voltada ao bem-estar e facilidades que tornam a experi\u00eancia ainda mais completa.<\/p>\n<p>Um dos diferenciais \u00e9 a parceria com o Museu de Arte Moderna de S\u00e3o Paulo (MAM), que proporciona benef\u00edcios exclusivos aos h\u00f3spedes e cria mais um incentivo para incluir arte e cultura no roteiro pela capital.<\/p>\n<p>A primavera abre espa\u00e7o para descobrir S\u00e3o Paulo al\u00e9m dos compromissos tradicionais. Entre parques, exposi\u00e7\u00f5es, gastronomia e caminhadas, a esta\u00e7\u00e3o \u00e9 um convite para explorar a cidade em um ritmo diferente e aproveitar mais seus espa\u00e7os ao ar livre.<\/p>\n<p><strong>Sobre o hotel<\/strong><\/p>\n<p>Na Zona Sul da capital paulista, o Transamerica Executive Ch\u00e1cara Santo Ant\u00f4nio est\u00e1 pr\u00f3ximo ao Transamerica Expo Center, \u00e0 Vibra S\u00e3o Paulo, \u00e0 Marginal Pinheiros, ao Jockey Club e ao Shopping Morumbi. Suas su\u00edtes de 28 m\u00b2 s\u00e3o espa\u00e7osas e bem equipadas, com minicozinha, frigobar, micro-ondas, ar-condicionado, esta\u00e7\u00e3o de trabalho, TV, Wi-Fi e outras comodidades que atendem tanto ao p\u00fablico corporativo quanto ao de lazer.<\/p>\n<p>O Transamerica Executive Ch\u00e1cara Santo Ant\u00f4nio oferece conforto e localiza\u00e7\u00e3o estrat\u00e9gica, com r\u00e1pido e f\u00e1cil acesso ao est\u00e1dio MorumBIS.<\/p>\n<p>O hotel conta ainda com restaurante, room service, caf\u00e9 da manh\u00e3 cortesia, fitness center, sauna seca, estacionamento com manobrista, recep\u00e7\u00e3o bil\u00edngue 24 horas e estrutura completa para uma estadia confort\u00e1vel e eficiente.<\/p>\n<p><strong>Servi\u00e7o<\/strong><\/p>\n<p>Transamerica Executive Ch\u00e1cara Santo Ant\u00f4nio<br \/>\n<a href=\"https:\/\/www.google.com\/maps\/search\/Rua+Am+rico+Brasiliense,+2163+-+Ch+cara+Santo+Ant+nio+-+S+o+Paulo%2FSP?entry=gmail&amp;source=g\" data-saferedirecturl=\"https:\/\/www.google.com\/url?q=https:\/\/www.google.com\/maps\/search\/Rua%2BAm%2Brico%2BBrasiliense,%2B2163%2B-%2BCh%2Bcara%2BSanto%2BAnt%2Bnio%2B-%2BS%2Bo%2BPaulo%252FSP?entry%3Dgmail%26source%3Dg&amp;source=gmail&amp;ust=1788439654703000&amp;usg=AOvVaw1xqWsNh7Gl68QQkD3MIeGy\">Rua Am<\/a>\u00e9<a href=\"https:\/\/www.google.com\/maps\/search\/Rua+Am+rico+Brasiliense,+2163+-+Ch+cara+Santo+Ant+nio+-+S+o+Paulo%2FSP?entry=gmail&amp;source=g\" data-saferedirecturl=\"https:\/\/www.google.com\/url?q=https:\/\/www.google.com\/maps\/search\/Rua%2BAm%2Brico%2BBrasiliense,%2B2163%2B-%2BCh%2Bcara%2BSanto%2BAnt%2Bnio%2B-%2BS%2Bo%2BPaulo%252FSP?entry%3Dgmail%26source%3Dg&amp;source=gmail&amp;ust=1788439654703000&amp;usg=AOvVaw1xqWsNh7Gl68QQkD3MIeGy\">rico Brasiliense, 2163 &#8211; Ch<\/a>\u00e1<a href=\"https:\/\/www.google.com\/maps\/search\/Rua+Am+rico+Brasiliense,+2163+-+Ch+cara+Santo+Ant+nio+-+S+o+Paulo%2FSP?entry=gmail&amp;source=g\" data-saferedirecturl=\"https:\/\/www.google.com\/url?q=https:\/\/www.google.com\/maps\/search\/Rua%2BAm%2Brico%2BBrasiliense,%2B2163%2B-%2BCh%2Bcara%2BSanto%2BAnt%2Bnio%2B-%2BS%2Bo%2BPaulo%252FSP?entry%3Dgmail%26source%3Dg&amp;source=gmail&amp;ust=1788439654703000&amp;usg=AOvVaw1xqWsNh7Gl68QQkD3MIeGy\">cara Santo Ant<\/a>\u00f4<a href=\"https:\/\/www.google.com\/maps\/search\/Rua+Am+rico+Brasiliense,+2163+-+Ch+cara+Santo+Ant+nio+-+S+o+Paulo%2FSP?entry=gmail&amp;source=g\" data-saferedirecturl=\"https:\/\/www.google.com\/url?q=https:\/\/www.google.com\/maps\/search\/Rua%2BAm%2Brico%2BBrasiliense,%2B2163%2B-%2BCh%2Bcara%2BSanto%2BAnt%2Bnio%2B-%2BS%2Bo%2BPaulo%252FSP?entry%3Dgmail%26source%3Dg&amp;source=gmail&amp;ust=1788439654703000&amp;usg=AOvVaw1xqWsNh7Gl68QQkD3MIeGy\">nio &#8211; S<\/a>\u00e3<a href=\"https:\/\/www.google.com\/maps\/search\/Rua+Am+rico+Brasiliense,+2163+-+Ch+cara+Santo+Ant+nio+-+S+o+Paulo%2FSP?entry=gmail&amp;source=g\" data-saferedirecturl=\"https:\/\/www.google.com\/url?q=https:\/\/www.google.com\/maps\/search\/Rua%2BAm%2Brico%2BBrasiliense,%2B2163%2B-%2BCh%2Bcara%2BSanto%2BAnt%2Bnio%2B-%2BS%2Bo%2BPaulo%252FSP?entry%3Dgmail%26source%3Dg&amp;source=gmail&amp;ust=1788439654703000&amp;usg=AOvVaw1xqWsNh7Gl68QQkD3MIeGy\">o Paulo\/SP<\/a><br \/>\n<a href=\"mailto:reservas.tesa@ahi.com.br\" target=\"_blank\" rel=\"noopener\">reservas.tesa@ahi.com.br<br \/>\n<\/a><a href=\"tel:(11)%205043-5939\" target=\"_blank\" rel=\"noopener\">(11) 5043-5939<\/a><\/p>\n","protected":false},"excerpt":{"rendered":"<p>Com a chegada da primavera, S\u00e3o Paulo ganha um convite a mais para ser explorada fora dos ambientes fechados. Os dias de temperaturas mais agrad\u00e1veis favorecem caminhadas, visitas a parques, refei\u00e7\u00f5es em \u00e1reas abertas e roteiros que combinam cultura, gastronomia e contato com a natureza. Para quem visita a capital a lazer ou mesmo a &hellip;<\/p>\n","protected":false},"author":3,"featured_media":7231,"comment_status":"closed","ping_status":"closed","sticky":false,"template":"","format":"standard","meta":{"_links_to":"","_links_to_target":""},"categories":[32],"tags":[895,69,123,1981],"yoast_head":"<!-- This site is optimized with the Yoast SEO plugin v20.8 - https:\/\/yoast.com\/wordpress\/plugins\/seo\/ -->\n<title>S\u00e3o Paulo na primavera - 60+ TURISMO \/\/<\/title>\n<meta name=\"description\" content=\"Parques, caminhadas, gastronomia e exposi\u00e7\u00f5es est\u00e3o entre as op\u00e7\u00f5es para curtir S\u00e3o Paulo com as temperaturas mais agrad\u00e1veis\" \/>\n<meta name=\"robots\" content=\"index, follow, max-snippet:-1, max-image-preview:large, max-video-preview:-1\" \/>\n<link rel=\"canonical\" href=\"https:\/\/www.60maisturismo.com.br\/v1\/2026\/09\/02\/sao-paulo-na-primavera\/\" \/>\n<meta property=\"og:locale\" content=\"pt_BR\" \/>\n<meta property=\"og:type\" content=\"article\" \/>\n<meta property=\"og:title\" content=\"S\u00e3o Paulo na primavera - 60+ TURISMO \/\/\" \/>\n<meta property=\"og:description\" content=\"Parques, caminhadas, gastronomia e exposi\u00e7\u00f5es est\u00e3o entre as op\u00e7\u00f5es para curtir S\u00e3o Paulo com as temperaturas mais agrad\u00e1veis\" \/>\n<meta property=\"og:url\" content=\"https:\/\/www.60maisturismo.com.br\/v1\/2026\/09\/02\/sao-paulo-na-primavera\/\" \/>\n<meta property=\"og:site_name\" content=\"60+ TURISMO \/\/\" \/>\n<meta property=\"article:published_time\" content=\"2026-09-02T13:18:29+00:00\" \/>\n<meta property=\"og:image\" content=\"https:\/\/www.60maisturismo.com.br\/v1\/wp-content\/uploads\/2023\/11\/sao-paulo-1.jpg\" \/>\n\t<meta property=\"og:image:width\" content=\"770\" \/>\n\t<meta property=\"og:image:height\" content=\"513\" \/>\n\t<meta property=\"og:image:type\" content=\"image\/jpeg\" \/>\n<meta name=\"author\" content=\"Reda\u00e7\u00e3o\" \/>\n<meta name=\"twitter:card\" content=\"summary_large_image\" \/>\n<meta name=\"twitter:label1\" content=\"Escrito por\" \/>\n\t<meta name=\"twitter:data1\" content=\"Reda\u00e7\u00e3o\" \/>\n\t<meta name=\"twitter:label2\" content=\"Est. tempo de leitura\" \/>\n\t<meta name=\"twitter:data2\" content=\"5 minutos\" \/>\n<script type=\"application\/ld+json\" class=\"yoast-schema-graph\">{\"@context\":\"https:\/\/schema.org\",\"@graph\":[{\"@type\":\"WebPage\",\"@id\":\"https:\/\/www.60maisturismo.com.br\/v1\/2026\/09\/02\/sao-paulo-na-primavera\/\",\"url\":\"https:\/\/www.60maisturismo.com.br\/v1\/2026\/09\/02\/sao-paulo-na-primavera\/\",\"name\":\"S\u00e3o Paulo na primavera - 60+ TURISMO \/\/\",\"isPartOf\":{\"@id\":\"https:\/\/www.60maisturismo.com.br\/v1\/#website\"},\"datePublished\":\"2026-09-02T13:18:29+00:00\",\"dateModified\":\"2026-09-02T13:18:29+00:00\",\"author\":{\"@id\":\"https:\/\/www.60maisturismo.com.br\/v1\/#\/schema\/person\/bef96f08865f4227f234c5a355238415\"},\"description\":\"Parques, caminhadas, gastronomia e exposi\u00e7\u00f5es est\u00e3o entre as op\u00e7\u00f5es para curtir S\u00e3o Paulo com as temperaturas mais agrad\u00e1veis\",\"breadcrumb\":{\"@id\":\"https:\/\/www.60maisturismo.com.br\/v1\/2026\/09\/02\/sao-paulo-na-primavera\/#breadcrumb\"},\"inLanguage\":\"pt-BR\",\"potentialAction\":[{\"@type\":\"ReadAction\",\"target\":[\"https:\/\/www.60maisturismo.com.br\/v1\/2026\/09\/02\/sao-paulo-na-primavera\/\"]}]},{\"@type\":\"BreadcrumbList\",\"@id\":\"https:\/\/www.60maisturismo.com.br\/v1\/2026\/09\/02\/sao-paulo-na-primavera\/#breadcrumb\",\"itemListElement\":[{\"@type\":\"ListItem\",\"position\":1,\"name\":\"Home\",\"item\":\"https:\/\/www.60maisturismo.com.br\/v1\/\"},{\"@type\":\"ListItem\",\"position\":2,\"name\":\"S\u00e3o Paulo na primavera\"}]},{\"@type\":\"WebSite\",\"@id\":\"https:\/\/www.60maisturismo.com.br\/v1\/#website\",\"url\":\"https:\/\/www.60maisturismo.com.br\/v1\/\",\"name\":\"60+ TURISMO \/\/\",\"description\":\"\",\"potentialAction\":[{\"@type\":\"SearchAction\",\"target\":{\"@type\":\"EntryPoint\",\"urlTemplate\":\"https:\/\/www.60maisturismo.com.br\/v1\/?s={search_term_string}\"},\"query-input\":\"required name=search_term_string\"}],\"inLanguage\":\"pt-BR\"},{\"@type\":\"Person\",\"@id\":\"https:\/\/www.60maisturismo.com.br\/v1\/#\/schema\/person\/bef96f08865f4227f234c5a355238415\",\"name\":\"Reda\u00e7\u00e3o\",\"image\":{\"@type\":\"ImageObject\",\"inLanguage\":\"pt-BR\",\"@id\":\"https:\/\/www.60maisturismo.com.br\/v1\/#\/schema\/person\/image\/\",\"url\":\"https:\/\/secure.gravatar.com\/avatar\/26414fc2418fd62c7533a680af5ed73a?s=96&d=mm&r=g\",\"contentUrl\":\"https:\/\/secure.gravatar.com\/avatar\/26414fc2418fd62c7533a680af5ed73a?s=96&d=mm&r=g\",\"caption\":\"Reda\u00e7\u00e3o\"},\"url\":\"https:\/\/www.60maisturismo.com.br\/v1\/author\/editor\/\"}]}<\/script>\n<!-- \/ Yoast SEO plugin. -->","yoast_head_json":{"title":"S\u00e3o Paulo na primavera - 60+ TURISMO \/\/","description":"Parques, caminhadas, gastronomia e exposi\u00e7\u00f5es est\u00e3o entre as op\u00e7\u00f5es para curtir S\u00e3o Paulo com as temperaturas mais agrad\u00e1veis","robots":{"index":"index","follow":"follow","max-snippet":"max-snippet:-1","max-image-preview":"max-image-preview:large","max-video-preview":"max-video-preview:-1"},"canonical":"https:\/\/www.60maisturismo.com.br\/v1\/2026\/09\/02\/sao-paulo-na-primavera\/","og_locale":"pt_BR","og_type":"article","og_title":"S\u00e3o Paulo na primavera - 60+ TURISMO \/\/","og_description":"Parques, caminhadas, gastronomia e exposi\u00e7\u00f5es est\u00e3o entre as op\u00e7\u00f5es para curtir S\u00e3o Paulo com as temperaturas mais agrad\u00e1veis","og_url":"https:\/\/www.60maisturismo.com.br\/v1\/2026\/09\/02\/sao-paulo-na-primavera\/","og_site_name":"60+ TURISMO \/\/","article_published_time":"2026-09-02T13:18:29+00:00","og_image":[{"width":770,"height":513,"url":"https:\/\/www.60maisturismo.com.br\/v1\/wp-content\/uploads\/2023\/11\/sao-paulo-1.jpg","type":"image\/jpeg"}],"author":"Reda\u00e7\u00e3o","twitter_card":"summary_large_image","twitter_misc":{"Escrito por":"Reda\u00e7\u00e3o","Est. tempo de leitura":"5 minutos"},"schema":{"@context":"https:\/\/schema.org","@graph":[{"@type":"WebPage","@id":"https:\/\/www.60maisturismo.com.br\/v1\/2026\/09\/02\/sao-paulo-na-primavera\/","url":"https:\/\/www.60maisturismo.com.br\/v1\/2026\/09\/02\/sao-paulo-na-primavera\/","name":"S\u00e3o Paulo na primavera - 60+ TURISMO \/\/","isPartOf":{"@id":"https:\/\/www.60maisturismo.com.br\/v1\/#website"},"datePublished":"2026-09-02T13:18:29+00:00","dateModified":"2026-09-02T13:18:29+00:00","author":{"@id":"https:\/\/www.60maisturismo.com.br\/v1\/#\/schema\/person\/bef96f08865f4227f234c5a355238415"},"description":"Parques, caminhadas, gastronomia e exposi\u00e7\u00f5es est\u00e3o entre as op\u00e7\u00f5es para curtir S\u00e3o Paulo com as temperaturas mais agrad\u00e1veis","breadcrumb":{"@id":"https:\/\/www.60maisturismo.com.br\/v1\/2026\/09\/02\/sao-paulo-na-primavera\/#breadcrumb"},"inLanguage":"pt-BR","potentialAction":[{"@type":"ReadAction","target":["https:\/\/www.60maisturismo.com.br\/v1\/2026\/09\/02\/sao-paulo-na-primavera\/"]}]},{"@type":"BreadcrumbList","@id":"https:\/\/www.60maisturismo.com.br\/v1\/2026\/09\/02\/sao-paulo-na-primavera\/#breadcrumb","itemListElement":[{"@type":"ListItem","position":1,"name":"Home","item":"https:\/\/www.60maisturismo.com.br\/v1\/"},{"@type":"ListItem","position":2,"name":"S\u00e3o Paulo na primavera"}]},{"@type":"WebSite","@id":"https:\/\/www.60maisturismo.com.br\/v1\/#website","url":"https:\/\/www.60maisturismo.com.br\/v1\/","name":"60+ TURISMO \/\/","description":"","potentialAction":[{"@type":"SearchAction","target":{"@type":"EntryPoint","urlTemplate":"https:\/\/www.60maisturismo.com.br\/v1\/?s={search_term_string}"},"query-input":"required name=search_term_string"}],"inLanguage":"pt-BR"},{"@type":"Person","@id":"https:\/\/www.60maisturismo.com.br\/v1\/#\/schema\/person\/bef96f08865f4227f234c5a355238415","name":"Reda\u00e7\u00e3o","image":{"@type":"ImageObject","inLanguage":"pt-BR","@id":"https:\/\/www.60maisturismo.com.br\/v1\/#\/schema\/person\/image\/","url":"https:\/\/secure.gravatar.com\/avatar\/26414fc2418fd62c7533a680af5ed73a?s=96&d=mm&r=g","contentUrl":"https:\/\/secure.gravatar.com\/avatar\/26414fc2418fd62c7533a680af5ed73a?s=96&d=mm&r=g","caption":"Reda\u00e7\u00e3o"},"url":"https:\/\/www.60maisturismo.com.br\/v1\/author\/editor\/"}]}},"_links":{"self":[{"href":"https:\/\/www.60maisturismo.com.br\/v1\/wp-json\/wp\/v2\/posts\/10346"}],"collection":[{"href":"https:\/\/www.60maisturismo.com.br\/v1\/wp-json\/wp\/v2\/posts"}],"about":[{"href":"https:\/\/www.60maisturismo.com.br\/v1\/wp-json\/wp\/v2\/types\/post"}],"author":[{"embeddable":true,"href":"https:\/\/www.60maisturismo.com.br\/v1\/wp-json\/wp\/v2\/users\/3"}],"replies":[{"embeddable":true,"href":"https:\/\/www.60maisturismo.com.br\/v1\/wp-json\/wp\/v2\/comments?post=10346"}],"version-history":[{"count":1,"href":"https:\/\/www.60maisturismo.com.br\/v1\/wp-json\/wp\/v2\/posts\/10346\/revisions"}],"predecessor-version":[{"id":10347,"href":"https:\/\/www.60maisturismo.com.br\/v1\/wp-json\/wp\/v2\/posts\/10346\/revisions\/10347"}],"wp:featuredmedia":[{"embeddable":true,"href":"https:\/\/www.60maisturismo.com.br\/v1\/wp-json\/wp\/v2\/media\/7231"}],"wp:attachment":[{"href":"https:\/\/www.60maisturismo.com.br\/v1\/wp-json\/wp\/v2\/media?parent=10346"}],"wp:term":[{"taxonomy":"category","embeddable":true,"href":"https:\/\/www.60maisturismo.com.br\/v1\/wp-json\/wp\/v2\/categories?post=10346"},{"taxonomy":"post_tag","embeddable":true,"href":"https:\/\/www.60maisturismo.com.br\/v1\/wp-json\/wp\/v2\/tags?post=10346"}],"curies":[{"name":"wp","href":"https:\/\/api.w.org\/{rel}","templated":true}]}}