{"id":10343,"date":"2026-09-02T09:45:24","date_gmt":"2026-09-02T12:45:24","guid":{"rendered":"https:\/\/www.60maisturismo.com.br\/v1\/?p=10343"},"modified":"2026-09-02T09:45:24","modified_gmt":"2026-09-02T12:45:24","slug":"malasia-celebra-seu-69o-dia-nacional","status":"publish","type":"post","link":"https:\/\/www.60maisturismo.com.br\/v1\/2026\/09\/02\/malasia-celebra-seu-69o-dia-nacional\/","title":{"rendered":"Mal\u00e1sia celebra seu 69\u00ba Dia Nacional"},"content":{"rendered":"<div dir=\"ltr\">\n<div>\n<p><span style=\"font-family: arial, sans-serif;\">A <strong>Mal\u00e1sia<\/strong> celebrou, em Bras\u00edlia, seu 69\u00ba Dia Nacional e o Dia da Mal\u00e1sia, em uma recep\u00e7\u00e3o que contou com a presen\u00e7a de representantes do governo brasileiro, do corpo diplom\u00e1tico, do Parlamento, dos setores p\u00fablico e privado, da academia, da imprensa, da comunidade malaia e de amigos do pa\u00eds.\u00a0<\/span>A ocasi\u00e3o marcou dois momentos fundamentais da hist\u00f3ria nacional: a independ\u00eancia da Federa\u00e7\u00e3o da Mal\u00e1sia, em 31 de agosto de 1957, e a forma\u00e7\u00e3o do destino, em 16 de setembro de 1963. Juntos, esses marcos refletem a unidade na diversidade do pa\u00eds e sua trajet\u00f3ria de desenvolvimento.<\/p>\n<p><span style=\"font-family: arial, sans-serif;\">Em seu discurso, o Embaixador da Mal\u00e1sia no Brasil, Datuk Mohammad Ali Selamat, afirmou que a celebra\u00e7\u00e3o n\u00e3o era apenas uma oportunidade para homenagear a hist\u00f3ria e as conquistas de seu pa\u00eds, mas tamb\u00e9m para celebrar as amizades que construiu com o Brasil e com a comunidade internacional.\u00a0<\/span>\u201c<i>Embora Mal\u00e1sia e Brasil estejam separados por quase 16 mil quil\u00f4metros e em lados opostos do globo, descobrimos que a dist\u00e2ncia n\u00e3o \u00e9 um obst\u00e1culo para a amizade<\/i>\u201d, afirmou o diplomata.<\/p>\n<p><span style=\"font-family: arial, sans-serif;\">Os dois pa\u00edses mant\u00eam rela\u00e7\u00f5es diplom\u00e1ticas h\u00e1 mais de seis d\u00e9cadas. A coopera\u00e7\u00e3o bilateral se expandiu para \u00e1reas como com\u00e9rcio, investimentos, energia, agricultura, educa\u00e7\u00e3o, ci\u00eancia, tecnologia, turismo e interc\u00e2mbio cultural. Ambos tamb\u00e9m apoiam o di\u00e1logo, o multilateralismo, o desenvolvimento sustent\u00e1vel e uma coopera\u00e7\u00e3o mais estreita entre os pa\u00edses do Sul Global.\u00a0<\/span>A rela\u00e7\u00e3o ganhou novo impulso ap\u00f3s a visita oficial do Presidente Luiz In\u00e1cio Lula da Silva \u00e0 Mal\u00e1sia, em outubro de 2025. Durante a visita, Lula tornou-se o primeiro Chefe de Estado brasileiro a participar de uma C\u00fapula da ASEAN. Sua presen\u00e7a na 47\u00aa C\u00fapula da ASEAN, em Kuala Lumpur, deu maior visibilidade aos la\u00e7os bilaterais e ao crescente envolvimento do Brasil com o Sudeste Asi\u00e1tico.<\/p>\n<p><span style=\"font-family: arial, sans-serif;\">Os la\u00e7os econ\u00f4micos constituem uma base s\u00f3lida para uma maior coopera\u00e7\u00e3o. O com\u00e9rcio bilateral alcan\u00e7ou aproximadamente US$ 4,46 bilh\u00f5es em 2024. O Brasil \u00e9 um dos principais parceiros comerciais da Mal\u00e1sia na Am\u00e9rica Latina, enquanto o pa\u00eds asi\u00e1tico \u00e9 um importante mercado do Sudeste Asi\u00e1tico para produtos agr\u00edcolas e aliment\u00edcios brasileiros.\u00a0<\/span>A rela\u00e7\u00e3o tamb\u00e9m est\u00e1 avan\u00e7ando para novas \u00e1reas. Est\u00e3o surgindo oportunidades em semicondutores, manufatura avan\u00e7ada, intelig\u00eancia artificial, setor aeroespacial, energias renov\u00e1veis, bioenergia, seguran\u00e7a alimentar e economia digital. Empresas malaias j\u00e1 possuem uma presen\u00e7a significativa no Brasil, especialmente nos setores de energia e offshore.<\/p>\n<p><span style=\"font-family: arial, sans-serif;\">Como membro fundador da ASEAN, o pa\u00eds tamb\u00e9m pode atuar como uma ponte para empresas brasileiras que buscam oportunidades no Sudeste Asi\u00e1tico, um mercado regional com mais de 680 milh\u00f5es de habitantes. O Brasil, por sua vez, oferece \u00e0s empresas malaias acesso \u00e0 maior economia da Am\u00e9rica Latina e ao mercado mais amplo da Am\u00e9rica do Sul.\u00a0<\/span>O turismo e o interc\u00e2mbio cultural constituem outra dimens\u00e3o promissora da rela\u00e7\u00e3o. O pa\u00eds oferece aos visitantes brasileiros cidades modernas, ilhas tropicais, antigas florestas tropicais, s\u00edtios reconhecidos como Patrim\u00f4nio Mundial pela UNESCO e as paisagens \u00fanicas de Born\u00e9u. Sua localiza\u00e7\u00e3o no cora\u00e7\u00e3o do Sudeste Asi\u00e1tico tamb\u00e9m faz do pa\u00eds uma base conveniente para explorar a regi\u00e3o.<\/p>\n<p><span style=\"font-family: arial, sans-serif;\">A gastronomia malaia reflete a identidade multicultural do pa\u00eds, reunindo influ\u00eancias malaias, chinesas, indianas, ind\u00edgenas e regionais. Assim como os brasileiros, os malaios valorizam a hospitalidade, os encontros familiares e o compartilhamento de refei\u00e7\u00f5es, criando uma conex\u00e3o cultural natural entre os dois povos.\u00a0<\/span>Durante a recep\u00e7\u00e3o em Bras\u00edlia, a Embaixada apresentou elementos da cultura e da identidade nacional, proporcionando aos convidados uma maior aproxima\u00e7\u00e3o com sua sociedade multicultural e contribuindo para o fortalecimento dos la\u00e7os entre os povos.<\/p>\n<p><span style=\"font-family: arial, sans-serif;\">O Embaixador destacou que a pr\u00f3xima fase das rela\u00e7\u00f5es bilaterais deve se concentrar na transforma\u00e7\u00e3o da boa vontade pol\u00edtica em projetos concretos, investimentos, parcerias empresariais e v\u00ednculos institucionais mais estreitos.\u00a0<\/span>Ao celebrar seu 69\u00ba Dia Nacional, o pa\u00eds transmite, em Bras\u00edlia, uma mensagem voltada para o futuro. Apesar da dist\u00e2ncia geogr\u00e1fica, Mal\u00e1sia e Brasil possuem economias complementares, interesses comuns e uma s\u00f3lida base sobre a qual podem construir uma parceria mais ampla e pr\u00e1tica.<\/p>\n<\/div>\n<\/div>\n<div dir=\"ltr\"><\/div>\n","protected":false},"excerpt":{"rendered":"<p>A Mal\u00e1sia celebrou, em Bras\u00edlia, seu 69\u00ba Dia Nacional e o Dia da Mal\u00e1sia, em uma recep\u00e7\u00e3o que contou com a presen\u00e7a de representantes do governo brasileiro, do corpo diplom\u00e1tico, do Parlamento, dos setores p\u00fablico e privado, da academia, da imprensa, da comunidade malaia e de amigos do pa\u00eds.\u00a0A ocasi\u00e3o marcou dois momentos fundamentais da &hellip;<\/p>\n","protected":false},"author":3,"featured_media":10344,"comment_status":"closed","ping_status":"closed","sticky":false,"template":"","format":"standard","meta":{"_links_to":"","_links_to_target":""},"categories":[33],"tags":[],"yoast_head":"<!-- This site is optimized with the Yoast SEO plugin v20.8 - https:\/\/yoast.com\/wordpress\/plugins\/seo\/ -->\n<title>Mal\u00e1sia celebra seu 69\u00ba Dia Nacional - 60+ TURISMO \/\/<\/title>\n<meta name=\"description\" content=\"Celebra\u00e7\u00e3o reuniu representantes do Governo brasileiro, do corpo diplom\u00e1tico, do setor privado e da comunidade da Mal\u00e1sia na capital federal\" \/>\n<meta name=\"robots\" content=\"index, follow, max-snippet:-1, max-image-preview:large, max-video-preview:-1\" \/>\n<link rel=\"canonical\" href=\"https:\/\/www.60maisturismo.com.br\/v1\/2026\/09\/02\/malasia-celebra-seu-69o-dia-nacional\/\" \/>\n<meta property=\"og:locale\" content=\"pt_BR\" \/>\n<meta property=\"og:type\" content=\"article\" \/>\n<meta property=\"og:title\" content=\"Mal\u00e1sia celebra seu 69\u00ba Dia Nacional - 60+ TURISMO \/\/\" \/>\n<meta property=\"og:description\" content=\"Celebra\u00e7\u00e3o reuniu representantes do Governo brasileiro, do corpo diplom\u00e1tico, do setor privado e da comunidade da Mal\u00e1sia na capital federal\" \/>\n<meta property=\"og:url\" content=\"https:\/\/www.60maisturismo.com.br\/v1\/2026\/09\/02\/malasia-celebra-seu-69o-dia-nacional\/\" \/>\n<meta property=\"og:site_name\" content=\"60+ TURISMO \/\/\" \/>\n<meta property=\"article:published_time\" content=\"2026-09-02T12:45:24+00:00\" \/>\n<meta property=\"og:image\" content=\"https:\/\/www.60maisturismo.com.br\/v1\/wp-content\/uploads\/2026\/09\/WhatsApp-Image-2026-09-02-at-06..jpg\" \/>\n\t<meta property=\"og:image:width\" content=\"733\" \/>\n\t<meta property=\"og:image:height\" content=\"550\" \/>\n\t<meta property=\"og:image:type\" content=\"image\/jpeg\" \/>\n<meta name=\"author\" content=\"Reda\u00e7\u00e3o\" \/>\n<meta name=\"twitter:card\" content=\"summary_large_image\" \/>\n<meta name=\"twitter:label1\" content=\"Escrito por\" \/>\n\t<meta name=\"twitter:data1\" content=\"Reda\u00e7\u00e3o\" \/>\n\t<meta name=\"twitter:label2\" content=\"Est. tempo de leitura\" \/>\n\t<meta name=\"twitter:data2\" content=\"4 minutos\" \/>\n<script type=\"application\/ld+json\" class=\"yoast-schema-graph\">{\"@context\":\"https:\/\/schema.org\",\"@graph\":[{\"@type\":\"WebPage\",\"@id\":\"https:\/\/www.60maisturismo.com.br\/v1\/2026\/09\/02\/malasia-celebra-seu-69o-dia-nacional\/\",\"url\":\"https:\/\/www.60maisturismo.com.br\/v1\/2026\/09\/02\/malasia-celebra-seu-69o-dia-nacional\/\",\"name\":\"Mal\u00e1sia celebra seu 69\u00ba Dia Nacional - 60+ TURISMO \/\/\",\"isPartOf\":{\"@id\":\"https:\/\/www.60maisturismo.com.br\/v1\/#website\"},\"datePublished\":\"2026-09-02T12:45:24+00:00\",\"dateModified\":\"2026-09-02T12:45:24+00:00\",\"author\":{\"@id\":\"https:\/\/www.60maisturismo.com.br\/v1\/#\/schema\/person\/bef96f08865f4227f234c5a355238415\"},\"description\":\"Celebra\u00e7\u00e3o reuniu representantes do Governo brasileiro, do corpo diplom\u00e1tico, do setor privado e da comunidade da Mal\u00e1sia na capital federal\",\"breadcrumb\":{\"@id\":\"https:\/\/www.60maisturismo.com.br\/v1\/2026\/09\/02\/malasia-celebra-seu-69o-dia-nacional\/#breadcrumb\"},\"inLanguage\":\"pt-BR\",\"potentialAction\":[{\"@type\":\"ReadAction\",\"target\":[\"https:\/\/www.60maisturismo.com.br\/v1\/2026\/09\/02\/malasia-celebra-seu-69o-dia-nacional\/\"]}]},{\"@type\":\"BreadcrumbList\",\"@id\":\"https:\/\/www.60maisturismo.com.br\/v1\/2026\/09\/02\/malasia-celebra-seu-69o-dia-nacional\/#breadcrumb\",\"itemListElement\":[{\"@type\":\"ListItem\",\"position\":1,\"name\":\"Home\",\"item\":\"https:\/\/www.60maisturismo.com.br\/v1\/\"},{\"@type\":\"ListItem\",\"position\":2,\"name\":\"Mal\u00e1sia celebra seu 69\u00ba Dia Nacional\"}]},{\"@type\":\"WebSite\",\"@id\":\"https:\/\/www.60maisturismo.com.br\/v1\/#website\",\"url\":\"https:\/\/www.60maisturismo.com.br\/v1\/\",\"name\":\"60+ TURISMO \/\/\",\"description\":\"\",\"potentialAction\":[{\"@type\":\"SearchAction\",\"target\":{\"@type\":\"EntryPoint\",\"urlTemplate\":\"https:\/\/www.60maisturismo.com.br\/v1\/?s={search_term_string}\"},\"query-input\":\"required name=search_term_string\"}],\"inLanguage\":\"pt-BR\"},{\"@type\":\"Person\",\"@id\":\"https:\/\/www.60maisturismo.com.br\/v1\/#\/schema\/person\/bef96f08865f4227f234c5a355238415\",\"name\":\"Reda\u00e7\u00e3o\",\"image\":{\"@type\":\"ImageObject\",\"inLanguage\":\"pt-BR\",\"@id\":\"https:\/\/www.60maisturismo.com.br\/v1\/#\/schema\/person\/image\/\",\"url\":\"https:\/\/secure.gravatar.com\/avatar\/26414fc2418fd62c7533a680af5ed73a?s=96&d=mm&r=g\",\"contentUrl\":\"https:\/\/secure.gravatar.com\/avatar\/26414fc2418fd62c7533a680af5ed73a?s=96&d=mm&r=g\",\"caption\":\"Reda\u00e7\u00e3o\"},\"url\":\"https:\/\/www.60maisturismo.com.br\/v1\/author\/editor\/\"}]}<\/script>\n<!-- \/ Yoast SEO plugin. -->","yoast_head_json":{"title":"Mal\u00e1sia celebra seu 69\u00ba Dia Nacional - 60+ TURISMO \/\/","description":"Celebra\u00e7\u00e3o reuniu representantes do Governo brasileiro, do corpo diplom\u00e1tico, do setor privado e da comunidade da Mal\u00e1sia na capital federal","robots":{"index":"index","follow":"follow","max-snippet":"max-snippet:-1","max-image-preview":"max-image-preview:large","max-video-preview":"max-video-preview:-1"},"canonical":"https:\/\/www.60maisturismo.com.br\/v1\/2026\/09\/02\/malasia-celebra-seu-69o-dia-nacional\/","og_locale":"pt_BR","og_type":"article","og_title":"Mal\u00e1sia celebra seu 69\u00ba Dia Nacional - 60+ TURISMO \/\/","og_description":"Celebra\u00e7\u00e3o reuniu representantes do Governo brasileiro, do corpo diplom\u00e1tico, do setor privado e da comunidade da Mal\u00e1sia na capital federal","og_url":"https:\/\/www.60maisturismo.com.br\/v1\/2026\/09\/02\/malasia-celebra-seu-69o-dia-nacional\/","og_site_name":"60+ TURISMO \/\/","article_published_time":"2026-09-02T12:45:24+00:00","og_image":[{"width":733,"height":550,"url":"https:\/\/www.60maisturismo.com.br\/v1\/wp-content\/uploads\/2026\/09\/WhatsApp-Image-2026-09-02-at-06..jpg","type":"image\/jpeg"}],"author":"Reda\u00e7\u00e3o","twitter_card":"summary_large_image","twitter_misc":{"Escrito por":"Reda\u00e7\u00e3o","Est. tempo de leitura":"4 minutos"},"schema":{"@context":"https:\/\/schema.org","@graph":[{"@type":"WebPage","@id":"https:\/\/www.60maisturismo.com.br\/v1\/2026\/09\/02\/malasia-celebra-seu-69o-dia-nacional\/","url":"https:\/\/www.60maisturismo.com.br\/v1\/2026\/09\/02\/malasia-celebra-seu-69o-dia-nacional\/","name":"Mal\u00e1sia celebra seu 69\u00ba Dia Nacional - 60+ TURISMO \/\/","isPartOf":{"@id":"https:\/\/www.60maisturismo.com.br\/v1\/#website"},"datePublished":"2026-09-02T12:45:24+00:00","dateModified":"2026-09-02T12:45:24+00:00","author":{"@id":"https:\/\/www.60maisturismo.com.br\/v1\/#\/schema\/person\/bef96f08865f4227f234c5a355238415"},"description":"Celebra\u00e7\u00e3o reuniu representantes do Governo brasileiro, do corpo diplom\u00e1tico, do setor privado e da comunidade da Mal\u00e1sia na capital federal","breadcrumb":{"@id":"https:\/\/www.60maisturismo.com.br\/v1\/2026\/09\/02\/malasia-celebra-seu-69o-dia-nacional\/#breadcrumb"},"inLanguage":"pt-BR","potentialAction":[{"@type":"ReadAction","target":["https:\/\/www.60maisturismo.com.br\/v1\/2026\/09\/02\/malasia-celebra-seu-69o-dia-nacional\/"]}]},{"@type":"BreadcrumbList","@id":"https:\/\/www.60maisturismo.com.br\/v1\/2026\/09\/02\/malasia-celebra-seu-69o-dia-nacional\/#breadcrumb","itemListElement":[{"@type":"ListItem","position":1,"name":"Home","item":"https:\/\/www.60maisturismo.com.br\/v1\/"},{"@type":"ListItem","position":2,"name":"Mal\u00e1sia celebra seu 69\u00ba Dia Nacional"}]},{"@type":"WebSite","@id":"https:\/\/www.60maisturismo.com.br\/v1\/#website","url":"https:\/\/www.60maisturismo.com.br\/v1\/","name":"60+ TURISMO \/\/","description":"","potentialAction":[{"@type":"SearchAction","target":{"@type":"EntryPoint","urlTemplate":"https:\/\/www.60maisturismo.com.br\/v1\/?s={search_term_string}"},"query-input":"required name=search_term_string"}],"inLanguage":"pt-BR"},{"@type":"Person","@id":"https:\/\/www.60maisturismo.com.br\/v1\/#\/schema\/person\/bef96f08865f4227f234c5a355238415","name":"Reda\u00e7\u00e3o","image":{"@type":"ImageObject","inLanguage":"pt-BR","@id":"https:\/\/www.60maisturismo.com.br\/v1\/#\/schema\/person\/image\/","url":"https:\/\/secure.gravatar.com\/avatar\/26414fc2418fd62c7533a680af5ed73a?s=96&d=mm&r=g","contentUrl":"https:\/\/secure.gravatar.com\/avatar\/26414fc2418fd62c7533a680af5ed73a?s=96&d=mm&r=g","caption":"Reda\u00e7\u00e3o"},"url":"https:\/\/www.60maisturismo.com.br\/v1\/author\/editor\/"}]}},"_links":{"self":[{"href":"https:\/\/www.60maisturismo.com.br\/v1\/wp-json\/wp\/v2\/posts\/10343"}],"collection":[{"href":"https:\/\/www.60maisturismo.com.br\/v1\/wp-json\/wp\/v2\/posts"}],"about":[{"href":"https:\/\/www.60maisturismo.com.br\/v1\/wp-json\/wp\/v2\/types\/post"}],"author":[{"embeddable":true,"href":"https:\/\/www.60maisturismo.com.br\/v1\/wp-json\/wp\/v2\/users\/3"}],"replies":[{"embeddable":true,"href":"https:\/\/www.60maisturismo.com.br\/v1\/wp-json\/wp\/v2\/comments?post=10343"}],"version-history":[{"count":1,"href":"https:\/\/www.60maisturismo.com.br\/v1\/wp-json\/wp\/v2\/posts\/10343\/revisions"}],"predecessor-version":[{"id":10345,"href":"https:\/\/www.60maisturismo.com.br\/v1\/wp-json\/wp\/v2\/posts\/10343\/revisions\/10345"}],"wp:featuredmedia":[{"embeddable":true,"href":"https:\/\/www.60maisturismo.com.br\/v1\/wp-json\/wp\/v2\/media\/10344"}],"wp:attachment":[{"href":"https:\/\/www.60maisturismo.com.br\/v1\/wp-json\/wp\/v2\/media?parent=10343"}],"wp:term":[{"taxonomy":"category","embeddable":true,"href":"https:\/\/www.60maisturismo.com.br\/v1\/wp-json\/wp\/v2\/categories?post=10343"},{"taxonomy":"post_tag","embeddable":true,"href":"https:\/\/www.60maisturismo.com.br\/v1\/wp-json\/wp\/v2\/tags?post=10343"}],"curies":[{"name":"wp","href":"https:\/\/api.w.org\/{rel}","templated":true}]}}